{"id":215072,"date":"2020-07-08T18:01:22","date_gmt":"2020-07-08T16:01:22","guid":{"rendered":"https:\/\/szulokhaza.hu\/bartokkucko\/?p=215072"},"modified":"2022-05-27T17:24:25","modified_gmt":"2022-05-27T15:24:25","slug":"jo-hir-a-babat-tervezoknek","status":"publish","type":"post","link":"https:\/\/szulokhaza.hu\/bartokkucko\/jo-hir-a-babat-tervezoknek\/","title":{"rendered":"J\u00f3 h\u00edr a bab\u00e1t tervez\u0151knek!"},"content":{"rendered":"<p>[et_pb_section fb_built=&#8221;1&#8243; _builder_version=&#8221;4.16&#8243; hover_enabled=&#8221;0&#8243; global_colors_info=&#8221;{}&#8221; sticky_enabled=&#8221;0&#8243;][et_pb_row _builder_version=&#8221;4.16&#8243; global_colors_info=&#8221;{}&#8221;][et_pb_column type=&#8221;4_4&#8243; _builder_version=&#8221;4.16&#8243; hover_enabled=&#8221;0&#8243; global_colors_info=&#8221;{}&#8221; sticky_enabled=&#8221;0&#8243;][et_pb_text _builder_version=&#8221;4.16&#8243; hover_enabled=&#8221;0&#8243; global_colors_info=&#8221;{}&#8221; sticky_enabled=&#8221;0&#8243;]<\/p>\n<p>A csecsem\u0151gondoz\u00e1si d\u00edj, azaz a CSED 2021. j\u00falius 1-j\u00e9vel a brutt\u00f3 fizet\u00e9s 70 sz\u00e1zal\u00e9k\u00e1r\u00f3l 100 sz\u00e1zal\u00e9k\u00e1ra emelkedik!<br \/>\u00cdgy az \u00e9desany\u00e1k a sz\u00fcl\u00e9st k\u00f6vet\u0151 hat h\u00f3napban t\u00f6bb p\u00e9nzt kapnak k\u00e9zhez, mint a kor\u00e1bbi nett\u00f3 kereset\u00fck, mivel a CSED-b\u0151l csak SZJA-t vonnak le, j\u00e1rul\u00e9kokat nem. A negyedik gyermek\u00fcket sz\u00fcl\u0151 anyuk\u00e1k pedig az SZJA mentess\u00e9g\u00fck miatt a brutt\u00f3 fizet\u00e9s\u00fcket kapj\u00e1k meg. <br \/>CSED-et azok a n\u0151k vehetik ig\u00e9nybe a sz\u00fcl\u00e9st k\u00f6vet\u0151 f\u00e9l \u00e9vig, akik a<span class=\"text_exposed_show\">sz\u00fcl\u00e9st megel\u0151z\u0151 k\u00e9t \u00e9vben legal\u00e1bb 365 napon kereszt\u00fcl biztos\u00edtottak voltak.<\/span><\/p>\n<div class=\"text_exposed_show\">\n<p>Reg\u0151s Judit, a Sz\u00fcl\u0151k H\u00e1za vezet\u0151je besz\u00e9lgetett a t\u00e9m\u00e1ban dr. Beneda Attil\u00e1val, az EMMI csal\u00e1d- \u00e9s n\u00e9pesed\u00e9spolitik\u00e1\u00e9rt felel\u0151s helyettes \u00e1llamtitk\u00e1r\u00e1val. N\u00e9zz\u00e9tek meg a besz\u00e9lget\u00e9st!<\/p>\n<p><a class=\"profileLink\" href=\"https:\/\/www.facebook.com\/digibolcsi\/videos\/287830689140095\/?fref=mentions&amp;__xts__%5B0%5D=68.ARBMJiK_GDrsLklNroFcDvdIDT6eshkwpZbomWQQSDhKCiycJwLfA691xqEtZkKXKnoGI2eZNZ4WoduHwk7LGEGdQJ9JB6wd5b_FaQKxTINFm1a5PIQlaaqJ2MmY_guEqemxgXTMQdzfm6VxepWbKt2BKx2Z27w5fhDwBHPnttygx2lp7uMrbOaoeUXicsYeJQPdu4kfo8SJLrMAwohbkTYeLRbtlAaG0Y500bV9SWJSCII-LWXUIjvkHkJxtg_Wcu8xcxM49ioCdjCA9xKyalKK6RQYsBhrCqYlHcZZzUvQaIOn7VbfXKhzH9hdmo_NVQ6zetUhuKfjaD7P9_MsfyH7UA&amp;__tn__=K-R\">https:\/\/www.facebook.com\/digibolcsi\/videos\/287830689140095\/<\/a><\/p>\n<\/div>\n<p>[\/et_pb_text][\/et_pb_column][\/et_pb_row][\/et_pb_section]<\/p>\n","protected":false},"excerpt":{"rendered":"<p>A csecsem\u0151gondoz\u00e1si d\u00edj, azaz a CSED 2021. j\u00falius 1-j\u00e9vel a brutt\u00f3 fizet\u00e9s 70 sz\u00e1zal\u00e9k\u00e1r\u00f3l 100 sz\u00e1zal\u00e9k\u00e1ra emelkedik!\u00cdgy az \u00e9desany\u00e1k a sz\u00fcl\u00e9st k\u00f6vet\u0151 hat h\u00f3napban t\u00f6bb p\u00e9nzt kapnak k\u00e9zhez, mint a kor\u00e1bbi nett\u00f3 kereset\u00fck, mivel a CSED-b\u0151l csak SZJA-t vonnak le, j\u00e1rul\u00e9kokat nem. A negyedik gyermek\u00fcket sz\u00fcl\u0151 anyuk\u00e1k pedig az SZJA mentess\u00e9g\u00fck miatt a brutt\u00f3 fizet\u00e9s\u00fcket [&hellip;]<\/p>\n","protected":false},"author":2,"featured_media":215074,"comment_status":"open","ping_status":"open","sticky":false,"template":"","format":"standard","meta":{"_seopress_robots_primary_cat":"","_seopress_titles_title":"","_seopress_titles_desc":"","_seopress_robots_index":"","_et_pb_use_builder":"on","_et_pb_old_content":"","_et_gb_content_width":"","footnotes":""},"categories":[1],"tags":[],"class_list":["post-215072","post","type-post","status-publish","format-standard","has-post-thumbnail","hentry","category-szh"],"_links":{"self":[{"href":"https:\/\/szulokhaza.hu\/bartokkucko\/wp-json\/wp\/v2\/posts\/215072","targetHints":{"allow":["GET"]}}],"collection":[{"href":"https:\/\/szulokhaza.hu\/bartokkucko\/wp-json\/wp\/v2\/posts"}],"about":[{"href":"https:\/\/szulokhaza.hu\/bartokkucko\/wp-json\/wp\/v2\/types\/post"}],"author":[{"embeddable":true,"href":"https:\/\/szulokhaza.hu\/bartokkucko\/wp-json\/wp\/v2\/users\/2"}],"replies":[{"embeddable":true,"href":"https:\/\/szulokhaza.hu\/bartokkucko\/wp-json\/wp\/v2\/comments?post=215072"}],"version-history":[{"count":3,"href":"https:\/\/szulokhaza.hu\/bartokkucko\/wp-json\/wp\/v2\/posts\/215072\/revisions"}],"predecessor-version":[{"id":215564,"href":"https:\/\/szulokhaza.hu\/bartokkucko\/wp-json\/wp\/v2\/posts\/215072\/revisions\/215564"}],"wp:featuredmedia":[{"embeddable":true,"href":"https:\/\/szulokhaza.hu\/bartokkucko\/wp-json\/wp\/v2\/media\/215074"}],"wp:attachment":[{"href":"https:\/\/szulokhaza.hu\/bartokkucko\/wp-json\/wp\/v2\/media?parent=215072"}],"wp:term":[{"taxonomy":"category","embeddable":true,"href":"https:\/\/szulokhaza.hu\/bartokkucko\/wp-json\/wp\/v2\/categories?post=215072"},{"taxonomy":"post_tag","embeddable":true,"href":"https:\/\/szulokhaza.hu\/bartokkucko\/wp-json\/wp\/v2\/tags?post=215072"}],"curies":[{"name":"wp","href":"https:\/\/api.w.org\/{rel}","templated":true}]}}