{"id":215815,"date":"2022-07-25T10:16:00","date_gmt":"2022-07-25T08:16:00","guid":{"rendered":"https:\/\/szulokhaza.hu\/bartokkucko\/?p=215815"},"modified":"2025-09-04T09:48:31","modified_gmt":"2025-09-04T07:48:31","slug":"szinhaz-az-egesz-vilag","status":"publish","type":"post","link":"https:\/\/szulokhaza.hu\/bartokkucko\/szinhaz-az-egesz-vilag\/","title":{"rendered":"Sz\u00ednh\u00e1z az eg\u00e9sz vil\u00e1g&#x1f3ad;"},"content":{"rendered":"\n[et_pb_section fb_built=&#8221;1&#8243; _builder_version=&#8221;4.16&#8243; global_colors_info=&#8221;{}&#8221;][et_pb_row _builder_version=&#8221;4.16&#8243; background_size=&#8221;initial&#8221; background_position=&#8221;top_left&#8221; background_repeat=&#8221;repeat&#8221; global_colors_info=&#8221;{}&#8221;][et_pb_column type=&#8221;4_4&#8243; _builder_version=&#8221;4.16&#8243; custom_padding=&#8221;|||&#8221; global_colors_info=&#8221;{}&#8221; custom_padding__hover=&#8221;|||&#8221;][et_pb_text _builder_version=&#8221;4.17.6&#8243; background_size=&#8221;initial&#8221; background_position=&#8221;top_left&#8221; background_repeat=&#8221;repeat&#8221; hover_enabled=&#8221;0&#8243; global_colors_info=&#8221;{}&#8221; sticky_enabled=&#8221;0&#8243;]<!-- divi:paragraph -->\n<p>A hetet a t\u00e1boroz\u00f3k a\u00a0<span style=\"color: #0fabe5;\"><strong>Sz\u00edn\u00e9szek<\/strong><\/span>\u00a0\u00e9s a\u00a0<span style=\"color: #00c075;\"><strong>Kulissz\u00e1k m\u00f6g\u00f6tt<\/strong><\/span>\u00a0elnevez\u00e9s\u0171 csapatok megalak\u00edt\u00e1s\u00e1val kezdt\u00e9k, majd megkezd\u0151tek a csapat jellegzetess\u00e9geinek, saj\u00e1toss\u00e1gainak k\u00f6rvonalaz\u00e1sai. Ahogy azt m\u00e1r megszokottuk a napk\u00f6zis t\u00e1borunk menet\u00e9b\u0151l az elk\u00f6vetkez\u0151 napokban ez a k\u00e9t csapat m\u00e9ri majd \u00f6ssze k\u00e9pess\u00e9geit a k\u00fcl\u00f6nb\u00f6z\u0151 feladatokban a h\u00e9t folyam\u00e1n. A\u00a0<span style=\"color: #fcab20;\"><strong>Sz\u00ednh\u00e1z az eg\u00e9sz vil\u00e1g<\/strong><\/span>\u00a0het\u00e9n is elk\u00e9sz\u00fcltek a csapatz\u00e1szl\u00f3k, pecs\u00e9tgy\u0171jt\u0151 f\u00fczetek \u00e9s kedves mes\u00e9ket \u00edrtak a csapatok, amiket d\u00e9lut\u00e1n \u00e9letre is keltettek.<strong>\u00a0Julcsa<\/strong>, a minimuzsika foglalkoz\u00e1st tart\u00f3 seg\u00edt\u0151nk sz\u00e1rnyai alatt pedig helyzet gyakorlatokat j\u00e1tszottak el, sz\u00edn\u00e9szkedtek a csemet\u00e9k.<\/p>\n<!-- divi:image {\"id\":215831,\"sizeSlug\":\"full\",\"linkDestination\":\"media\"} -->\n<figure class=\"wp-block-image size-full\"><a href=\"https:\/\/szulokhaza.hu\/bartokkucko\/wp-content\/uploads\/2022\/07\/H2-1.jpg\"><img loading=\"lazy\" decoding=\"async\" width=\"337\" height=\"450\" src=\"https:\/\/szulokhaza.hu\/bartokkucko\/wp-content\/uploads\/2022\/07\/H2-1.jpg\" alt=\"\" class=\"wp-image-215831\" srcset=\"https:\/\/szulokhaza.hu\/bartokkucko\/wp-content\/uploads\/2022\/07\/H2-1.jpg 337w, https:\/\/szulokhaza.hu\/bartokkucko\/wp-content\/uploads\/2022\/07\/H2-1-225x300.jpg 225w\" sizes=\"auto, (max-width: 337px) 100vw, 337px\" \/><\/a><\/figure>\n<p>\u00a0A keddi napon\u00a0<strong>Bisztrics\u00e1ny<\/strong>\u00a0<strong>Linda,\u00a0<\/strong>a mi kedvenc dr\u00e1mapedag\u00f3gusunk volt a vend\u00e9g\u00fcnk, akinek mindig nagyon \u00f6r\u00fclnek a gyerekek, most is elhozta hozz\u00e1nk a zen\u00e9s, mozg\u00e1sos feladatait. Aki b\u00e1tors\u00e1got \u00e9rzett a szerepl\u00e9shez, bemutathatott egy mozg\u00e1sform\u00e1t \u00e9s a t\u00f6bbiek feladata volt kital\u00e1lni, hogy vajon milyen foglalkoz\u00e1s\u00fa embert vagy \u00e9ppen milyen \u00e1llatot jelen\u00edthet meg a j\u00e1t\u00e9k\u00e1val az el\u0151ad\u00f3. Voltak, akik m\u00e9g bar\u00e1tkoztak a szerepl\u00e9ssel, viszont a d\u00e9lut\u00e1ni medenc\u00e9z\u00e9sn\u00e9l kiv\u00e9tel n\u00e9lk\u00fcl mindenki gyakorlott pancsol\u00f3nak mutatkozott.<\/p>\n<!-- divi:paragraph -->\n<p>A sz\u00edn\u00e9szmesters\u00e9ggel val\u00f3 ismerked\u00e9s \u00e9s az ehhez kapcsol\u00f3d\u00f3 feladatokb\u00f3l \u00e1lltak a szerdai nap egy\u00e9ni helyzet gyakorlatai \u00e9s asszoci\u00e1ci\u00f3s j\u00e1t\u00e9kai, melyeket a t\u00e1bori csapatok rendk\u00edv\u00fcli \u00fcgyess\u00e9ggel v\u00edvtak egym\u00e1ssal a d\u00e9lel\u0151tt folyam\u00e1n. A p\u00e9nteki nap egyik programj\u00e1ra k\u00e9sz\u00fclve a gyermekek nagy lelkesed\u00e9ssel b\u00e1bk\u00e9sz\u00edt\u00e9sbe fogtak, \u00e9ppen csak a d\u00e9lut\u00e1ni medenc\u00e9ben j\u00e1tszadoz\u00e1snak siker\u00fclt kiz\u00f6kkentenie \u0151ket.<\/p>\n<!-- divi:paragraph --><!-- \/divi:paragraph --><!-- divi:image {\"id\":215823,\"sizeSlug\":\"full\",\"linkDestination\":\"media\"} -->\n<figure class=\"wp-block-image size-full\"><a href=\"https:\/\/szulokhaza.hu\/bartokkucko\/wp-content\/uploads\/2022\/07\/295129953_4789540794479675_8583692347947475597_n.jpg\"><img loading=\"lazy\" decoding=\"async\" width=\"450\" height=\"337\" src=\"https:\/\/szulokhaza.hu\/bartokkucko\/wp-content\/uploads\/2022\/07\/295129953_4789540794479675_8583692347947475597_n.jpg\" alt=\"\" class=\"wp-image-215823\" srcset=\"https:\/\/szulokhaza.hu\/bartokkucko\/wp-content\/uploads\/2022\/07\/295129953_4789540794479675_8583692347947475597_n.jpg 450w, https:\/\/szulokhaza.hu\/bartokkucko\/wp-content\/uploads\/2022\/07\/295129953_4789540794479675_8583692347947475597_n-300x225.jpg 300w\" sizes=\"auto, (max-width: 450px) 100vw, 450px\" \/><\/a><\/figure>\n<!-- \/divi:image --><!-- divi:paragraph -->\n<p>Cs\u00fct\u00f6rt\u00f6k d\u00e9lel\u0151tt a kv\u00edz k\u00e9rd\u00e9sek megv\u00e1laszol\u00e1s\u00e1val lehetett pecs\u00e9teket gy\u0171jteni a leg\u00fcgyesebb csapat poz\u00edci\u00f3\u00e9rt. Izgalmas kis j\u00e1t\u00e9k volt, ami alatt ki der\u00fclt, hogy a Dzsungel k\u00f6nyv\u00e9nek t\u00f6rt\u00e9nete az egyik legn\u00e9pszer\u0171bb a gyerekek k\u00f6r\u00e9ben. Ezut\u00e1n a kreativit\u00e1s vette \u00e1t a szerepet \u00e9s a megkezdett b\u00e1bk\u00e9sz\u00edt\u00e9s a p\u00e9nteki el\u0151dad\u00e1shoz cs\u00fct\u00f6rt\u00f6k\u00f6n is folytat\u00f3dott, majd ezt k\u00f6vet\u0151en j\u00e9gkr\u00e9m \u00e9s a medence h\u0171s\u00edtette a csapattagokat. \u201eMicsoda j\u00f3 kis nap volt\u201d!<\/p>\n<p>A h\u00e9t z\u00e1r\u00f3 napj\u00e1t izgatott s\u00fcrg\u00e9s forg\u00e1s jellemezte, reggel m\u00e9g az utols\u00f3 sim\u00edt\u00e1sok zajlottak a b\u00e1bel\u0151ad\u00e1shoz sz\u00fcks\u00e9ges parav\u00e1non, majd elkezd\u0151dtek a var\u00e1zslatos el\u0151ad\u00e1sok a csapatok \u00e1ltal. A minisz\u00ednh\u00e1zban voltak kis csoportos szerepl\u00e9sek \u00e9s n\u00e9h\u00e1ny egy\u00e9ni produkci\u00f3 is, ekkora m\u00e1r a gyerekekben is enyh\u00fclt a l\u00e1mpal\u00e1z \u00e9s mindenki lelkesen szerepelt a k\u00fcl\u00f6nb\u00f6z\u0151 t\u00f6rt\u00e9netek el\u0151ad\u00e1s\u00e1ban. A bemutat\u00f3 fantasztikusan siker\u00fclt, a b\u00e1bok kreat\u00edvak voltak, a gyerekek egyar\u00e1nt nagyon \u00e9lvezt\u00e9k az el\u0151ad\u00e1st szerepl\u0151k\u00e9nt \u00e9s n\u00e9z\u0151k\u00e9nt is. A k\u00f6vetkez\u0151 program az eredm\u00e9nyhirdet\u00e9s volt, mely ugyan n\u00e9h\u00e1ny pecs\u00e9t k\u00fcl\u00f6nbs\u00e9ggel de a Kulissz\u00e1k m\u00f6g\u00f6tt n\u00e9vre keresztelt csapatot hirdette ki gy\u0151ztesnek. A t\u00e1bori csemege, az oklev\u00e9l \u00e9s a k\u00f6z\u00f6s f\u00e9nyk\u00e9p kioszt\u00e1sa ut\u00e1n b\u00facs\u00fat vettek egym\u00e1st\u00f3l \u00e9s elindultak haza a Sz\u00ednh\u00e1z az eg\u00e9sz vil\u00e1g t\u00e9m\u00e1j\u00fa het\u00fcnk napk\u00f6zis t\u00e1boroz\u00f3i.<\/p>\n<!-- \/divi:paragraph --><!-- divi:paragraph --><!-- \/divi:paragraph --><!-- divi:image {\"id\":215828,\"sizeSlug\":\"full\",\"linkDestination\":\"media\"} -->\n<figure class=\"wp-block-image size-full\"><a href=\"https:\/\/szulokhaza.hu\/bartokkucko\/wp-content\/uploads\/2022\/07\/295867257_4798142523619502_5407893096248523691_n.jpg\"><img loading=\"lazy\" decoding=\"async\" width=\"450\" height=\"335\" src=\"https:\/\/szulokhaza.hu\/bartokkucko\/wp-content\/uploads\/2022\/07\/295867257_4798142523619502_5407893096248523691_n.jpg\" alt=\"\" class=\"wp-image-215828\" srcset=\"https:\/\/szulokhaza.hu\/bartokkucko\/wp-content\/uploads\/2022\/07\/295867257_4798142523619502_5407893096248523691_n.jpg 450w, https:\/\/szulokhaza.hu\/bartokkucko\/wp-content\/uploads\/2022\/07\/295867257_4798142523619502_5407893096248523691_n-300x223.jpg 300w\" sizes=\"auto, (max-width: 450px) 100vw, 450px\" \/><\/a><\/figure>\n<p>&nbsp;<\/p>\n<p>&nbsp;<\/p>\n<p>&nbsp;<\/p>\n<p>&nbsp;<\/p>\n<p>&nbsp;<\/p>\n<p>&nbsp;<\/p>\n<p>&nbsp;<\/p>\n<p>&nbsp;<\/p>\n<p>&nbsp;<\/p>\n<!-- \/divi:image -->[\/et_pb_text][\/et_pb_column][\/et_pb_row][\/et_pb_section]\n","protected":false},"excerpt":{"rendered":"<p>A hetet a t\u00e1boroz\u00f3k a\u00a0Sz\u00edn\u00e9szek\u00a0\u00e9s a\u00a0Kulissz\u00e1k m\u00f6g\u00f6tt\u00a0elnevez\u00e9s\u0171 csapatok megalak\u00edt\u00e1s\u00e1val kezdt\u00e9k, majd megkezd\u0151tek a csapat jellegzetess\u00e9geinek, saj\u00e1toss\u00e1gainak k\u00f6rvonalaz\u00e1sai. Ahogy azt m\u00e1r megszokottuk a napk\u00f6zis t\u00e1borunk menet\u00e9b\u0151l az elk\u00f6vetkez\u0151 napokban ez a k\u00e9t csapat m\u00e9ri majd \u00f6ssze k\u00e9pess\u00e9geit a k\u00fcl\u00f6nb\u00f6z\u0151 feladatokban a h\u00e9t folyam\u00e1n. A\u00a0Sz\u00ednh\u00e1z az eg\u00e9sz vil\u00e1g\u00a0het\u00e9n is elk\u00e9sz\u00fcltek a csapatz\u00e1szl\u00f3k, pecs\u00e9tgy\u0171jt\u0151 f\u00fczetek \u00e9s kedves mes\u00e9ket [&hellip;]<\/p>\n","protected":false},"author":8,"featured_media":215829,"comment_status":"closed","ping_status":"open","sticky":false,"template":"","format":"standard","meta":{"_seopress_robots_primary_cat":"none","_seopress_titles_title":"","_seopress_titles_desc":"","_seopress_robots_index":"","_et_pb_use_builder":"on","_et_pb_old_content":"<!-- wp:paragraph -->\n<p>A hetet a t\u00e1boroz\u00f3k a&nbsp;<strong>Sz\u00edn\u00e9szek<\/strong>&nbsp;\u00e9s a&nbsp;<strong>Kulissz\u00e1k m\u00f6g\u00f6tt<\/strong>&nbsp;elnevez\u00e9s\u0171 csapatok megalak\u00edt\u00e1s\u00e1val kezdt\u00e9k, majd megkezd\u0151tek a csapat jellegzetess\u00e9geinek, saj\u00e1toss\u00e1gainak k\u00f6rvonalaz\u00e1sai. Ahogy azt m\u00e1r megszokottuk a napk\u00f6zis t\u00e1borunk menet\u00e9b\u0151l az elk\u00f6vetkez\u0151 napokban ez a k\u00e9t csapat m\u00e9ri majd \u00f6ssze k\u00e9pess\u00e9geit a k\u00fcl\u00f6nb\u00f6z\u0151 feladatokban a h\u00e9t folyam\u00e1n. A&nbsp;<strong>Sz\u00ednh\u00e1z az eg\u00e9sz vil\u00e1g<\/strong>&nbsp;het\u00e9n is elk\u00e9sz\u00fcltek a csapatz\u00e1szl\u00f3k, pecs\u00e9tgy\u0171jt\u0151 f\u00fczetek \u00e9s kedves mes\u00e9ket \u00edrtak a csapatok, amiket d\u00e9lut\u00e1n \u00e9letre is keltettek.<strong>&nbsp;Julcsa<\/strong>, a minimuzsika foglalkoz\u00e1st tart\u00f3 seg\u00edt\u0151nk sz\u00e1rnyai alatt pedig helyzet gyakorlatokat j\u00e1tszottak el, sz\u00edn\u00e9szkedtek a csemet\u00e9k. <\/p>\n<!-- \/wp:paragraph -->\n\n<!-- wp:image {\"id\":215831,\"sizeSlug\":\"full\",\"linkDestination\":\"media\"} -->\n<figure class=\"wp-block-image size-full\"><a href=\"https:\/\/szulokhaza.hu\/bartokkucko\/wp-content\/uploads\/2022\/07\/H2-1.jpg\"><img src=\"https:\/\/szulokhaza.hu\/bartokkucko\/wp-content\/uploads\/2022\/07\/H2-1.jpg\" alt=\"\" class=\"wp-image-215831\"\/><\/a><\/figure>\n<!-- \/wp:image -->\n\n<!-- wp:paragraph -->\n<p>A keddi napon&nbsp;<strong>Bisztrics\u00e1ny<\/strong>&nbsp;<strong>Linda,&nbsp;<\/strong>a mi kedvenc dr\u00e1mapedag\u00f3gusunk volt a vend\u00e9g\u00fcnk, akinek mindig nagyon \u00f6r\u00fclnek a gyerekek, most is elhozta hozz\u00e1nk a zen\u00e9s, mozg\u00e1sos feladatait. Aki b\u00e1tors\u00e1got \u00e9rzett a szerepl\u00e9shez, bemutathatott egy mozg\u00e1sform\u00e1t \u00e9s a t\u00f6bbiek feladata volt kital\u00e1lni, hogy vajon milyen foglalkoz\u00e1s\u00fa embert vagy \u00e9ppen milyen \u00e1llatot jelen\u00edthet meg a j\u00e1t\u00e9k\u00e1val az el\u0151ad\u00f3. Voltak, akik m\u00e9g bar\u00e1tkoztak a szerepl\u00e9ssel, viszont a d\u00e9lut\u00e1ni medenc\u00e9z\u00e9sn\u00e9l kiv\u00e9tel n\u00e9lk\u00fcl mindenki gyakorlott pancsol\u00f3nak mutatkozott.<\/p>\n<!-- \/wp:paragraph -->\n\n<!-- wp:paragraph -->\n<p>A sz\u00edn\u00e9szmesters\u00e9ggel val\u00f3 ismerked\u00e9s \u00e9s az ehhez kapcsol\u00f3d\u00f3 feladatokb\u00f3l \u00e1lltak a szerdai nap egy\u00e9ni helyzet gyakorlatai \u00e9s asszoci\u00e1ci\u00f3s j\u00e1t\u00e9kai, melyeket a t\u00e1bori csapatok rendk\u00edv\u00fcli \u00fcgyess\u00e9ggel v\u00edvtak egym\u00e1ssal a d\u00e9lel\u0151tt folyam\u00e1n. A p\u00e9nteki nap egyik programj\u00e1ra k\u00e9sz\u00fclve a gyermekek nagy lelkesed\u00e9ssel b\u00e1bk\u00e9sz\u00edt\u00e9sbe fogtak, \u00e9ppen csak a d\u00e9lut\u00e1ni medenc\u00e9ben j\u00e1tszadoz\u00e1snak siker\u00fclt kiz\u00f6kkentenie \u0151ket.<\/p>\n<!-- \/wp:paragraph -->\n\n<!-- wp:image {\"id\":215823,\"sizeSlug\":\"full\",\"linkDestination\":\"media\"} -->\n<figure class=\"wp-block-image size-full\"><a href=\"https:\/\/szulokhaza.hu\/bartokkucko\/wp-content\/uploads\/2022\/07\/295129953_4789540794479675_8583692347947475597_n.jpg\"><img src=\"https:\/\/szulokhaza.hu\/bartokkucko\/wp-content\/uploads\/2022\/07\/295129953_4789540794479675_8583692347947475597_n.jpg\" alt=\"\" class=\"wp-image-215823\"\/><\/a><\/figure>\n<!-- \/wp:image -->\n\n<!-- wp:paragraph -->\n<p>Cs\u00fct\u00f6rt\u00f6k d\u00e9lel\u0151tt a kv\u00edz k\u00e9rd\u00e9sek megv\u00e1laszol\u00e1s\u00e1val lehetett pecs\u00e9teket gy\u0171jteni a leg\u00fcgyesebb csapat poz\u00edci\u00f3\u00e9rt. Izgalmas kis j\u00e1t\u00e9k volt, ami alatt ki der\u00fclt, hogy a Dzsungel k\u00f6nyv\u00e9nek t\u00f6rt\u00e9nete az egyik legn\u00e9pszer\u0171bb a gyerekek k\u00f6r\u00e9ben. Ezut\u00e1n a kreativit\u00e1s vette \u00e1t a szerepet \u00e9s a megkezdett b\u00e1bk\u00e9sz\u00edt\u00e9s a p\u00e9nteki el\u0151dad\u00e1shoz cs\u00fct\u00f6rt\u00f6k\u00f6n is folytat\u00f3dott, majd ezt k\u00f6vet\u0151en j\u00e9gkr\u00e9m \u00e9s a medence h\u0171s\u00edtette a csapattagokat. \u201eMicsoda j\u00f3 kis nap volt\u201d!<\/p>\n<!-- \/wp:paragraph -->\n\n<!-- wp:paragraph -->\n<p>A h\u00e9t z\u00e1r\u00f3 napj\u00e1t izgatott s\u00fcrg\u00e9s forg\u00e1s jellemezte, reggel m\u00e9g az utols\u00f3 sim\u00edt\u00e1sok zajlottak a b\u00e1bel\u0151ad\u00e1shoz sz\u00fcks\u00e9ges parav\u00e1non, majd elkezd\u0151dtek a var\u00e1zslatos el\u0151ad\u00e1sok a csapatok \u00e1ltal. A minisz\u00ednh\u00e1zban voltak kis csoportos szerepl\u00e9sek \u00e9s n\u00e9h\u00e1ny egy\u00e9ni produkci\u00f3 is, ekkora m\u00e1r a gyerekekben is enyh\u00fclt a l\u00e1mpal\u00e1z \u00e9s mindenki lelkesen szerepelt a k\u00fcl\u00f6nb\u00f6z\u0151 t\u00f6rt\u00e9netek el\u0151ad\u00e1s\u00e1ban. A bemutat\u00f3 fantasztikusan siker\u00fclt, a b\u00e1bok kreat\u00edvak voltak, a gyerekek egyar\u00e1nt nagyon \u00e9lvezt\u00e9k az el\u0151ad\u00e1st szerepl\u0151k\u00e9nt \u00e9s n\u00e9z\u0151k\u00e9nt is. A k\u00f6vetkez\u0151 program az eredm\u00e9nyhirdet\u00e9s volt, mely ugyan n\u00e9h\u00e1ny pecs\u00e9t k\u00fcl\u00f6nbs\u00e9ggel de a Kulissz\u00e1k m\u00f6g\u00f6tt n\u00e9vre keresztelt csapatot hirdette ki gy\u0151ztesnek. A t\u00e1bori csemege, az oklev\u00e9l \u00e9s a k\u00f6z\u00f6s f\u00e9nyk\u00e9p kioszt\u00e1sa ut\u00e1n b\u00facs\u00fat vettek egym\u00e1st\u00f3l \u00e9s elindultak haza a Sz\u00ednh\u00e1z az eg\u00e9sz vil\u00e1g t\u00e9m\u00e1j\u00fa het\u00fcnk napk\u00f6zis t\u00e1boroz\u00f3i.<\/p>\n<!-- \/wp:paragraph -->\n\n<!-- wp:image {\"id\":215828,\"sizeSlug\":\"full\",\"linkDestination\":\"media\"} -->\n<figure class=\"wp-block-image size-full\"><a href=\"https:\/\/szulokhaza.hu\/bartokkucko\/wp-content\/uploads\/2022\/07\/295867257_4798142523619502_5407893096248523691_n.jpg\"><img src=\"https:\/\/szulokhaza.hu\/bartokkucko\/wp-content\/uploads\/2022\/07\/295867257_4798142523619502_5407893096248523691_n.jpg\" alt=\"\" class=\"wp-image-215828\"\/><\/a><\/figure>\n<!-- \/wp:image -->","_et_gb_content_width":"1437","footnotes":""},"categories":[1,4],"tags":[195,194,198,197,192,193],"class_list":["post-215815","post","type-post","status-publish","format-standard","has-post-thumbnail","hentry","category-szh","category-szlk-hza-hrlevl-37","tag-2022nyar","tag-kamaraerdo","tag-kreativ-tabor","tag-szinhaz-az-egesz-vilag","tag-szulok-haza-csalad","tag-szulok-haza-csalad-es-bolcsode-halozat"],"_links":{"self":[{"href":"https:\/\/szulokhaza.hu\/bartokkucko\/wp-json\/wp\/v2\/posts\/215815","targetHints":{"allow":["GET"]}}],"collection":[{"href":"https:\/\/szulokhaza.hu\/bartokkucko\/wp-json\/wp\/v2\/posts"}],"about":[{"href":"https:\/\/szulokhaza.hu\/bartokkucko\/wp-json\/wp\/v2\/types\/post"}],"author":[{"embeddable":true,"href":"https:\/\/szulokhaza.hu\/bartokkucko\/wp-json\/wp\/v2\/users\/8"}],"replies":[{"embeddable":true,"href":"https:\/\/szulokhaza.hu\/bartokkucko\/wp-json\/wp\/v2\/comments?post=215815"}],"version-history":[{"count":8,"href":"https:\/\/szulokhaza.hu\/bartokkucko\/wp-json\/wp\/v2\/posts\/215815\/revisions"}],"predecessor-version":[{"id":215845,"href":"https:\/\/szulokhaza.hu\/bartokkucko\/wp-json\/wp\/v2\/posts\/215815\/revisions\/215845"}],"wp:featuredmedia":[{"embeddable":true,"href":"https:\/\/szulokhaza.hu\/bartokkucko\/wp-json\/wp\/v2\/media\/215829"}],"wp:attachment":[{"href":"https:\/\/szulokhaza.hu\/bartokkucko\/wp-json\/wp\/v2\/media?parent=215815"}],"wp:term":[{"taxonomy":"category","embeddable":true,"href":"https:\/\/szulokhaza.hu\/bartokkucko\/wp-json\/wp\/v2\/categories?post=215815"},{"taxonomy":"post_tag","embeddable":true,"href":"https:\/\/szulokhaza.hu\/bartokkucko\/wp-json\/wp\/v2\/tags?post=215815"}],"curies":[{"name":"wp","href":"https:\/\/api.w.org\/{rel}","templated":true}]}}