{"id":3180,"date":"2017-03-19T11:24:05","date_gmt":"2017-03-19T10:24:05","guid":{"rendered":"http:\/\/szulokhaza.hu\/gyor\/?p=3180"},"modified":"2017-02-19T11:00:59","modified_gmt":"2017-02-19T10:00:59","slug":"gyumolcsolto-nappal-varunk","status":"publish","type":"post","link":"https:\/\/szulokhaza.hu\/gyor\/gyumolcsolto-nappal-varunk\/","title":{"rendered":"Csal\u00e1di kreat\u00edv d\u00e9lut\u00e1n &#8211; gy\u00fcm\u00f6lcs\u00f6lt\u00f3 nap"},"content":{"rendered":"<p><a href=\"http:\/\/szulokhaza.hu\/gyor\/wp-content\/uploads\/2015\/03\/k\u00f6rtes\u00fcni.jpg\"><img loading=\"lazy\" decoding=\"async\" class=\"alignleft size-full wp-image-3181\" src=\"http:\/\/szulokhaza.hu\/gyor\/wp-content\/uploads\/2015\/03\/k\u00f6rtes\u00fcni.jpg\" alt=\"k\u00f6rtes\u00fcni\" width=\"259\" height=\"194\" srcset=\"https:\/\/szulokhaza.hu\/gyor\/wp-content\/uploads\/2015\/03\/k\u00f6rtes\u00fcni.jpg 259w, https:\/\/szulokhaza.hu\/gyor\/wp-content\/uploads\/2015\/03\/k\u00f6rtes\u00fcni-20x15.jpg 20w\" sizes=\"(max-width: 259px) 100vw, 259px\" \/><\/a>A n\u00e9pi hagyom\u00e1nyok szerint gy\u00fcm\u00f6lcsolt\u00f3 boldogasszony napj\u00e1n elvetett magb\u00f3l lesz a legszebb, legjobb term\u00e9s, vir\u00e1g, n\u00f6v\u00e9ny&#8230;.<br \/>\nA tavasz legterm\u00e9kenyebb napjak\u00e9nt is tartj\u00e1k sz\u00e1mon!<br \/>\nGyertek el hozz\u00e1nk <strong>m\u00e1rcius 24-\u00e9n, p\u00e9nteken 16:30-t\u00f3l<\/strong> \u00e9s k\u00e9sz\u00edtsetek vel\u00fcnk kreat\u00edv \u00e1llatk\u00e1kat, vir\u00e1gokat, tavaszi csod\u00e1kat gy\u00fcm\u00f6lcsb\u0151l!<\/p>\n<p>El\u0151zetes jelentkez\u00e9s sz\u00fcks\u00e9ges!<\/p>\n","protected":false},"excerpt":{"rendered":"<p>A n\u00e9pi hagyom\u00e1nyok szerint gy\u00fcm\u00f6lcsolt\u00f3 boldogasszony napj\u00e1n elvetett magb\u00f3l lesz a legszebb, legjobb term\u00e9s, vir\u00e1g, n\u00f6v\u00e9ny&#8230;. A tavasz legterm\u00e9kenyebb napjak\u00e9nt is tartj\u00e1k sz\u00e1mon! Gyertek el hozz\u00e1nk m\u00e1rcius 24-\u00e9n, p\u00e9nteken 16:30-t\u00f3l \u00e9s k\u00e9sz\u00edtsetek vel\u00fcnk kreat\u00edv \u00e1llatk\u00e1kat, vir\u00e1gokat, tavaszi csod\u00e1kat gy\u00fcm\u00f6lcsb\u0151l! El\u0151zetes jelentkez\u00e9s sz\u00fcks\u00e9ges!<\/p>\n","protected":false},"author":2561,"featured_media":0,"comment_status":"closed","ping_status":"closed","sticky":false,"template":"","format":"standard","meta":{"_seopress_robots_primary_cat":"","_seopress_titles_title":"","_seopress_titles_desc":"","_seopress_robots_index":"","_et_pb_use_builder":"","_et_pb_old_content":"","_et_gb_content_width":"","footnotes":""},"categories":[1],"tags":[],"class_list":["post-3180","post","type-post","status-publish","format-standard","hentry","category-szhgy"],"_links":{"self":[{"href":"https:\/\/szulokhaza.hu\/gyor\/wp-json\/wp\/v2\/posts\/3180","targetHints":{"allow":["GET"]}}],"collection":[{"href":"https:\/\/szulokhaza.hu\/gyor\/wp-json\/wp\/v2\/posts"}],"about":[{"href":"https:\/\/szulokhaza.hu\/gyor\/wp-json\/wp\/v2\/types\/post"}],"author":[{"embeddable":true,"href":"https:\/\/szulokhaza.hu\/gyor\/wp-json\/wp\/v2\/users\/2561"}],"replies":[{"embeddable":true,"href":"https:\/\/szulokhaza.hu\/gyor\/wp-json\/wp\/v2\/comments?post=3180"}],"version-history":[{"count":0,"href":"https:\/\/szulokhaza.hu\/gyor\/wp-json\/wp\/v2\/posts\/3180\/revisions"}],"wp:attachment":[{"href":"https:\/\/szulokhaza.hu\/gyor\/wp-json\/wp\/v2\/media?parent=3180"}],"wp:term":[{"taxonomy":"category","embeddable":true,"href":"https:\/\/szulokhaza.hu\/gyor\/wp-json\/wp\/v2\/categories?post=3180"},{"taxonomy":"post_tag","embeddable":true,"href":"https:\/\/szulokhaza.hu\/gyor\/wp-json\/wp\/v2\/tags?post=3180"}],"curies":[{"name":"wp","href":"https:\/\/api.w.org\/{rel}","templated":true}]}}