{"id":5549,"date":"2016-10-14T11:37:12","date_gmt":"2016-10-14T09:37:12","guid":{"rendered":"http:\/\/szulokhaza.hu\/gyor\/?p=5549"},"modified":"2016-10-14T11:38:06","modified_gmt":"2016-10-14T09:38:06","slug":"5549","status":"publish","type":"post","link":"https:\/\/szulokhaza.hu\/gyor\/5549\/","title":{"rendered":"Babajelbesz\u00e9d kezd\u0151 tanfolyam"},"content":{"rendered":"<p><a href=\"http:\/\/szulokhaza.hu\/gyor\/wp-content\/uploads\/2016\/10\/14697166_10211138758331847_469823510_o.jpg\" rel=\"attachment wp-att-5550\"><img loading=\"lazy\" decoding=\"async\" class=\"alignleft wp-image-5550\" src=\"http:\/\/szulokhaza.hu\/gyor\/wp-content\/uploads\/2016\/10\/14697166_10211138758331847_469823510_o-300x144.jpg\" alt=\"\" width=\"335\" height=\"161\" srcset=\"https:\/\/szulokhaza.hu\/gyor\/wp-content\/uploads\/2016\/10\/14697166_10211138758331847_469823510_o-300x144.jpg 300w, https:\/\/szulokhaza.hu\/gyor\/wp-content\/uploads\/2016\/10\/14697166_10211138758331847_469823510_o-600x288.jpg 600w, https:\/\/szulokhaza.hu\/gyor\/wp-content\/uploads\/2016\/10\/14697166_10211138758331847_469823510_o-768x368.jpg 768w, https:\/\/szulokhaza.hu\/gyor\/wp-content\/uploads\/2016\/10\/14697166_10211138758331847_469823510_o-20x10.jpg 20w, https:\/\/szulokhaza.hu\/gyor\/wp-content\/uploads\/2016\/10\/14697166_10211138758331847_469823510_o.jpg 1010w\" sizes=\"(max-width: 335px) 100vw, 335px\" \/><\/a><\/p>\n<p>Nem besz\u00e9l m\u00e9g foly\u00e9konyan kisbab\u00e1d? \u00c9desanyak\u00e9nt szeretn\u00e9l neki min\u00e9l t\u00f6bb lehet\u0151s\u00e9get megadni, hogy hat\u00e9konyabban ki tudja fejezni gondolatait, akarat\u00e1t?<br \/>\nFontos az eg\u00e9szs\u00e9ges anya-gyermek k\u00f6t\u0151d\u00e9s, a bizalom?<br \/>\nTegy\u00fck k\u00f6nnyebb\u00e9 egy\u00fctt a besz\u00e9d el\u0151tti kommunik\u00e1ci\u00f3t a bab\u00e1k \u00e9s k\u00f6rnyezet\u00fck k\u00f6z\u00f6tt!<br \/>\nA [6 alkalmas] Babajelbesz\u00e9d Kezd\u0151 tanfolyam okt\u00f3ber 18-\u00e1n, kedden 10.30 \u00f3rakor indul.<br \/>\nMinden tov\u00e1bbi inform\u00e1ci\u00f3t megtal\u00e1lhatsz a <a href=\"http:\/\/www.meselojelek.hu\/\" target=\"_blank\" rel=\"nofollow\">www.meselojelek.hu<\/a> weboldal &#8216;Foglalkoz\u00e1sok&#8217; men\u00fcpontj\u00e1ban.<\/p>\n","protected":false},"excerpt":{"rendered":"<p>Nem besz\u00e9l m\u00e9g foly\u00e9konyan kisbab\u00e1d? \u00c9desanyak\u00e9nt szeretn\u00e9l neki min\u00e9l t\u00f6bb lehet\u0151s\u00e9get megadni, hogy hat\u00e9konyabban ki tudja fejezni gondolatait, akarat\u00e1t? Fontos az eg\u00e9szs\u00e9ges anya-gyermek k\u00f6t\u0151d\u00e9s, a bizalom? Tegy\u00fck k\u00f6nnyebb\u00e9 egy\u00fctt a besz\u00e9d el\u0151tti kommunik\u00e1ci\u00f3t a bab\u00e1k \u00e9s k\u00f6rnyezet\u00fck k\u00f6z\u00f6tt! A [6 alkalmas] Babajelbesz\u00e9d Kezd\u0151 tanfolyam okt\u00f3ber 18-\u00e1n, kedden 10.30 \u00f3rakor indul. Minden tov\u00e1bbi inform\u00e1ci\u00f3t megtal\u00e1lhatsz a [&hellip;]<\/p>\n","protected":false},"author":2561,"featured_media":0,"comment_status":"closed","ping_status":"closed","sticky":false,"template":"","format":"standard","meta":{"_seopress_robots_primary_cat":"","_seopress_titles_title":"","_seopress_titles_desc":"","_seopress_robots_index":"","_et_pb_use_builder":"","_et_pb_old_content":"","_et_gb_content_width":"","footnotes":""},"categories":[1],"tags":[],"class_list":["post-5549","post","type-post","status-publish","format-standard","hentry","category-szhgy"],"_links":{"self":[{"href":"https:\/\/szulokhaza.hu\/gyor\/wp-json\/wp\/v2\/posts\/5549","targetHints":{"allow":["GET"]}}],"collection":[{"href":"https:\/\/szulokhaza.hu\/gyor\/wp-json\/wp\/v2\/posts"}],"about":[{"href":"https:\/\/szulokhaza.hu\/gyor\/wp-json\/wp\/v2\/types\/post"}],"author":[{"embeddable":true,"href":"https:\/\/szulokhaza.hu\/gyor\/wp-json\/wp\/v2\/users\/2561"}],"replies":[{"embeddable":true,"href":"https:\/\/szulokhaza.hu\/gyor\/wp-json\/wp\/v2\/comments?post=5549"}],"version-history":[{"count":0,"href":"https:\/\/szulokhaza.hu\/gyor\/wp-json\/wp\/v2\/posts\/5549\/revisions"}],"wp:attachment":[{"href":"https:\/\/szulokhaza.hu\/gyor\/wp-json\/wp\/v2\/media?parent=5549"}],"wp:term":[{"taxonomy":"category","embeddable":true,"href":"https:\/\/szulokhaza.hu\/gyor\/wp-json\/wp\/v2\/categories?post=5549"},{"taxonomy":"post_tag","embeddable":true,"href":"https:\/\/szulokhaza.hu\/gyor\/wp-json\/wp\/v2\/tags?post=5549"}],"curies":[{"name":"wp","href":"https:\/\/api.w.org\/{rel}","templated":true}]}}