{"id":5555,"date":"2016-10-14T11:50:44","date_gmt":"2016-10-14T09:50:44","guid":{"rendered":"http:\/\/szulokhaza.hu\/gyor\/?p=5555"},"modified":"2016-10-14T11:50:44","modified_gmt":"2016-10-14T09:50:44","slug":"a-feher-bot-napja-3","status":"publish","type":"post","link":"https:\/\/szulokhaza.hu\/gyor\/a-feher-bot-napja-3\/","title":{"rendered":"A &#8222;feh\u00e9r bot&#8221; napja"},"content":{"rendered":"<p><a href=\"http:\/\/szulokhaza.hu\/gyor\/wp-content\/uploads\/2015\/10\/feh\u00e9r-bot.jpg\" rel=\"attachment wp-att-4872\"><img loading=\"lazy\" decoding=\"async\" class=\"alignleft size-medium wp-image-4872\" src=\"http:\/\/szulokhaza.hu\/gyor\/wp-content\/uploads\/2015\/10\/feh\u00e9r-bot-300x199.jpg\" alt=\"\" width=\"300\" height=\"199\" srcset=\"https:\/\/szulokhaza.hu\/gyor\/wp-content\/uploads\/2015\/10\/feh\u00e9r-bot-300x199.jpg 300w, https:\/\/szulokhaza.hu\/gyor\/wp-content\/uploads\/2015\/10\/feh\u00e9r-bot-20x13.jpg 20w, https:\/\/szulokhaza.hu\/gyor\/wp-content\/uploads\/2015\/10\/feh\u00e9r-bot.jpg 507w\" sizes=\"(max-width: 300px) 100vw, 300px\" \/><\/a><\/p>\n<p>A l\u00e1t\u00e1ss\u00e9r\u00fcltek vil\u00e1gnapja alkalm\u00e1b\u00f3l v\u00e1runk sok szeretettel a Sz\u00fcl\u0151k H\u00e1z\u00e1ban <strong>okt\u00f3ber 20-\u00e1n cs\u00fct\u00f6rt\u00f6k\u00f6n d\u00e9lut\u00e1n<\/strong>\u00a017 \u00f3r\u00e1t\u00f3l egy izgalmas foglalkoz\u00e1sra. J\u00e1t\u00e9kos form\u00e1ban kipr\u00f3b\u00e1ljuk a szem\u00fcnk eltakar\u00e1s\u00e1val, m\u00e1s \u00e9rz\u00e9kszerv\u00fcnkre hagyatkozva, hogy milyen is lehet a l\u00e1t\u00e1ss\u00e9r\u00fcltek vil\u00e1ga. Gyere, csukd be a szemed \u00e9s j\u00e1tssz vel\u00fcnk!<\/p>\n","protected":false},"excerpt":{"rendered":"<p>A l\u00e1t\u00e1ss\u00e9r\u00fcltek vil\u00e1gnapja alkalm\u00e1b\u00f3l v\u00e1runk sok szeretettel a Sz\u00fcl\u0151k H\u00e1z\u00e1ban okt\u00f3ber 20-\u00e1n cs\u00fct\u00f6rt\u00f6k\u00f6n d\u00e9lut\u00e1n\u00a017 \u00f3r\u00e1t\u00f3l egy izgalmas foglalkoz\u00e1sra. J\u00e1t\u00e9kos form\u00e1ban kipr\u00f3b\u00e1ljuk a szem\u00fcnk eltakar\u00e1s\u00e1val, m\u00e1s \u00e9rz\u00e9kszerv\u00fcnkre hagyatkozva, hogy milyen is lehet a l\u00e1t\u00e1ss\u00e9r\u00fcltek vil\u00e1ga. Gyere, csukd be a szemed \u00e9s j\u00e1tssz vel\u00fcnk!<\/p>\n","protected":false},"author":2561,"featured_media":0,"comment_status":"closed","ping_status":"closed","sticky":false,"template":"","format":"standard","meta":{"_seopress_robots_primary_cat":"","_seopress_titles_title":"","_seopress_titles_desc":"","_seopress_robots_index":"","_et_pb_use_builder":"","_et_pb_old_content":"","_et_gb_content_width":"","footnotes":""},"categories":[1],"tags":[],"class_list":["post-5555","post","type-post","status-publish","format-standard","hentry","category-szhgy"],"_links":{"self":[{"href":"https:\/\/szulokhaza.hu\/gyor\/wp-json\/wp\/v2\/posts\/5555","targetHints":{"allow":["GET"]}}],"collection":[{"href":"https:\/\/szulokhaza.hu\/gyor\/wp-json\/wp\/v2\/posts"}],"about":[{"href":"https:\/\/szulokhaza.hu\/gyor\/wp-json\/wp\/v2\/types\/post"}],"author":[{"embeddable":true,"href":"https:\/\/szulokhaza.hu\/gyor\/wp-json\/wp\/v2\/users\/2561"}],"replies":[{"embeddable":true,"href":"https:\/\/szulokhaza.hu\/gyor\/wp-json\/wp\/v2\/comments?post=5555"}],"version-history":[{"count":0,"href":"https:\/\/szulokhaza.hu\/gyor\/wp-json\/wp\/v2\/posts\/5555\/revisions"}],"wp:attachment":[{"href":"https:\/\/szulokhaza.hu\/gyor\/wp-json\/wp\/v2\/media?parent=5555"}],"wp:term":[{"taxonomy":"category","embeddable":true,"href":"https:\/\/szulokhaza.hu\/gyor\/wp-json\/wp\/v2\/categories?post=5555"},{"taxonomy":"post_tag","embeddable":true,"href":"https:\/\/szulokhaza.hu\/gyor\/wp-json\/wp\/v2\/tags?post=5555"}],"curies":[{"name":"wp","href":"https:\/\/api.w.org\/{rel}","templated":true}]}}