{"id":5571,"date":"2016-10-25T18:45:02","date_gmt":"2016-10-25T16:45:02","guid":{"rendered":"http:\/\/szulokhaza.hu\/gyor\/?p=5571"},"modified":"2016-10-25T18:45:02","modified_gmt":"2016-10-25T16:45:02","slug":"csaladszervezetek-jotekonysagi-vasara","status":"publish","type":"post","link":"https:\/\/szulokhaza.hu\/gyor\/csaladszervezetek-jotekonysagi-vasara\/","title":{"rendered":"Csal\u00e1dszervezetek I. J\u00f3t\u00e9konys\u00e1gi V\u00e1s\u00e1ra"},"content":{"rendered":"<p><a href=\"http:\/\/szulokhaza.hu\/gyor\/wp-content\/uploads\/2016\/10\/plakat_jotekonysagi_vasar.jpg\" rel=\"attachment wp-att-5572\"><img loading=\"lazy\" decoding=\"async\" class=\"alignleft size-medium wp-image-5572\" src=\"http:\/\/szulokhaza.hu\/gyor\/wp-content\/uploads\/2016\/10\/plakat_jotekonysagi_vasar-300x266.jpg\" alt=\"\" width=\"300\" height=\"266\" srcset=\"https:\/\/szulokhaza.hu\/gyor\/wp-content\/uploads\/2016\/10\/plakat_jotekonysagi_vasar-300x266.jpg 300w, https:\/\/szulokhaza.hu\/gyor\/wp-content\/uploads\/2016\/10\/plakat_jotekonysagi_vasar-600x531.jpg 600w, https:\/\/szulokhaza.hu\/gyor\/wp-content\/uploads\/2016\/10\/plakat_jotekonysagi_vasar-768x680.jpg 768w, https:\/\/szulokhaza.hu\/gyor\/wp-content\/uploads\/2016\/10\/plakat_jotekonysagi_vasar-20x18.jpg 20w, https:\/\/szulokhaza.hu\/gyor\/wp-content\/uploads\/2016\/10\/plakat_jotekonysagi_vasar.jpg 862w\" sizes=\"(max-width: 300px) 100vw, 300px\" \/><\/a>Csal\u00e1dszervezetek \u00f6sszefog\u00e1s\u00e1ban nagy j\u00f3t\u00e9konys\u00e1gi v\u00e1s\u00e1r ker\u00fcl megrendez\u00e9sre november 26-\u00e1n, szombaton 9-13 \u00f3r\u00e1ig a V\u00e1rkert Baz\u00e1rban. A rendezv\u00e9nyen a Sz\u00fcl\u0151k H\u00e1za is r\u00e9szt vesz. A j\u00f3t\u00e9konys\u00e1gi v\u00e1s\u00e1ron elkelt port\u00e9k\u00e1k \u00e1r\u00e1b\u00f3l befolyt \u00f6sszeg a daganatos gyerekek gy\u00f3gyul\u00e1s\u00e1t t\u00e1mogat\u00f3 <a href=\"http:\/\/www.orzokalapitvany.org\">\u0150rz\u0151k Alap\u00edtv\u00e1ny<\/a> jav\u00e1ra ker\u00fcl felaj\u00e1nl\u00e1sra.<\/p>\n<p>K\u00e9rlek Benneteket, csatlakozzatok Ti is a kezdem\u00e9nyez\u00e9shez! \u00d6r\u00f6mmel fogadunk saj\u00e1t k\u00e9sz\u00edt\u00e9s\u0171 apr\u00f3s\u00e1gokat (k\u00e9zm\u0171ves term\u00e9kek, lekv\u00e1r, s\u00fcti, sz\u00f6rp, m\u00e9zeskal\u00e1cs stb.), amelyeket az \u00fajbudai k\u00f6zpontban (1118 Budapest, R\u00e9tk\u00f6z utca 7.) gy\u0171jt\u00fcnk, \u00e9s mi juttatunk el a j\u00f3t\u00e9konys\u00e1gi v\u00e1s\u00e1rra. Ha van kedvetek, d\u00e9lut\u00e1nonk\u00e9nt k\u00f6z\u00f6s k\u00e9zm\u0171ves foglalkoz\u00e1s keret\u00e9ben a j\u00e1tsz\u00f3h\u00e1zban is elk\u00e9sz\u00edthetitek, amit szeretn\u00e9tek.<\/p>\n<p>Ha k\u00edv\u00e1ncsiak vagytok, hogy m\u00e1sok miket k\u00e9sz\u00edtettek, esetleg beszerezn\u00e9tek az idei adventi koszor\u00fat, vagy b\u00e1rmit, ami szebb\u00e9 teheti a kar\u00e1csonyi k\u00e9sz\u00fcl\u0151d\u00e9st, gyertek el Ti is a rendezv\u00e9nyre. A j\u00f3 hangulat mellett gy\u00f6ny\u00f6r\u0171 helysz\u00ednen, szuper gyermekprogramokkal v\u00e1runk!<\/p>\n<p>R\u00e9szletek: <a href=\"https:\/\/www.facebook.com\/events\/192269984515564\/\">https:\/\/www.facebook.com\/events\/192269984515564\/<\/a><\/p>\n","protected":false},"excerpt":{"rendered":"<p>Csal\u00e1dszervezetek \u00f6sszefog\u00e1s\u00e1ban nagy j\u00f3t\u00e9konys\u00e1gi v\u00e1s\u00e1r ker\u00fcl megrendez\u00e9sre november 26-\u00e1n, szombaton 9-13 \u00f3r\u00e1ig a V\u00e1rkert Baz\u00e1rban. A rendezv\u00e9nyen a Sz\u00fcl\u0151k H\u00e1za is r\u00e9szt vesz. A j\u00f3t\u00e9konys\u00e1gi v\u00e1s\u00e1ron elkelt port\u00e9k\u00e1k \u00e1r\u00e1b\u00f3l befolyt \u00f6sszeg a daganatos gyerekek gy\u00f3gyul\u00e1s\u00e1t t\u00e1mogat\u00f3 \u0150rz\u0151k Alap\u00edtv\u00e1ny jav\u00e1ra ker\u00fcl felaj\u00e1nl\u00e1sra. K\u00e9rlek Benneteket, csatlakozzatok Ti is a kezdem\u00e9nyez\u00e9shez! \u00d6r\u00f6mmel fogadunk saj\u00e1t k\u00e9sz\u00edt\u00e9s\u0171 apr\u00f3s\u00e1gokat (k\u00e9zm\u0171ves term\u00e9kek, [&hellip;]<\/p>\n","protected":false},"author":2561,"featured_media":0,"comment_status":"closed","ping_status":"closed","sticky":false,"template":"","format":"standard","meta":{"_seopress_robots_primary_cat":"","_seopress_titles_title":"","_seopress_titles_desc":"","_seopress_robots_index":"","_et_pb_use_builder":"","_et_pb_old_content":"","_et_gb_content_width":"","footnotes":""},"categories":[1],"tags":[],"class_list":["post-5571","post","type-post","status-publish","format-standard","hentry","category-szhgy"],"_links":{"self":[{"href":"https:\/\/szulokhaza.hu\/gyor\/wp-json\/wp\/v2\/posts\/5571","targetHints":{"allow":["GET"]}}],"collection":[{"href":"https:\/\/szulokhaza.hu\/gyor\/wp-json\/wp\/v2\/posts"}],"about":[{"href":"https:\/\/szulokhaza.hu\/gyor\/wp-json\/wp\/v2\/types\/post"}],"author":[{"embeddable":true,"href":"https:\/\/szulokhaza.hu\/gyor\/wp-json\/wp\/v2\/users\/2561"}],"replies":[{"embeddable":true,"href":"https:\/\/szulokhaza.hu\/gyor\/wp-json\/wp\/v2\/comments?post=5571"}],"version-history":[{"count":0,"href":"https:\/\/szulokhaza.hu\/gyor\/wp-json\/wp\/v2\/posts\/5571\/revisions"}],"wp:attachment":[{"href":"https:\/\/szulokhaza.hu\/gyor\/wp-json\/wp\/v2\/media?parent=5571"}],"wp:term":[{"taxonomy":"category","embeddable":true,"href":"https:\/\/szulokhaza.hu\/gyor\/wp-json\/wp\/v2\/categories?post=5571"},{"taxonomy":"post_tag","embeddable":true,"href":"https:\/\/szulokhaza.hu\/gyor\/wp-json\/wp\/v2\/tags?post=5571"}],"curies":[{"name":"wp","href":"https:\/\/api.w.org\/{rel}","templated":true}]}}