{"id":5626,"date":"2016-11-14T09:59:30","date_gmt":"2016-11-14T08:59:30","guid":{"rendered":"http:\/\/szulokhaza.hu\/gyor\/?p=5626"},"modified":"2016-11-14T09:59:30","modified_gmt":"2016-11-14T08:59:30","slug":"exkluziv-ajandekok-mikulasra","status":"publish","type":"post","link":"https:\/\/szulokhaza.hu\/gyor\/exkluziv-ajandekok-mikulasra\/","title":{"rendered":"Exkluz\u00edv aj\u00e1nd\u00e9kok Mikul\u00e1sra!"},"content":{"rendered":"<p><a href=\"http:\/\/szulokhaza.hu\/gyor\/wp-content\/uploads\/2016\/11\/Miku1.jpg\" rel=\"attachment wp-att-5627\"><img loading=\"lazy\" decoding=\"async\" class=\"alignleft size-medium wp-image-5627\" src=\"http:\/\/szulokhaza.hu\/gyor\/wp-content\/uploads\/2016\/11\/Miku1-300x199.jpg\" alt=\"\" width=\"300\" height=\"199\" srcset=\"https:\/\/szulokhaza.hu\/gyor\/wp-content\/uploads\/2016\/11\/Miku1-300x199.jpg 300w, https:\/\/szulokhaza.hu\/gyor\/wp-content\/uploads\/2016\/11\/Miku1-20x13.jpg 20w, https:\/\/szulokhaza.hu\/gyor\/wp-content\/uploads\/2016\/11\/Miku1.jpg 600w\" sizes=\"(max-width: 300px) 100vw, 300px\" \/><\/a><\/p>\n<p>Aj\u00e1nd\u00e9kozzon kiv\u00e1l\u00f3 min\u0151s\u00e9g\u0171, k\u00e9zm\u0171ves term\u00e9ket \u00fczleti partnereinek, munkav\u00e1llal\u00f3inak. Valamennyi term\u00e9k\u00fcnk k\u00e9zzel k\u00e9sz\u00fcl, belga csokol\u00e1d\u00e9 pasztilla (Callebaut) felhaszn\u00e1l\u00e1s\u00e1val. Mikul\u00e1s csomag (Csoki Mikul\u00e1s, t\u00e1bla csokol\u00e1d\u00e9, csokol\u00e1d\u00e9 nyal\u00f3ka d\u00edszdobozban)<br \/>\nR\u00e9szletek\u00e9rt \u00e9rdekl\u0151dj\u00f6n <a href=\"http:\/\/szulokhaza.hu\/gyor\/kapcsolat\/\" target=\"_blank\">el\u00e9rhet\u0151s\u00e9g\u00fcnk\u00f6n!<\/a><\/p>\n","protected":false},"excerpt":{"rendered":"<p>Aj\u00e1nd\u00e9kozzon kiv\u00e1l\u00f3 min\u0151s\u00e9g\u0171, k\u00e9zm\u0171ves term\u00e9ket \u00fczleti partnereinek, munkav\u00e1llal\u00f3inak. Valamennyi term\u00e9k\u00fcnk k\u00e9zzel k\u00e9sz\u00fcl, belga csokol\u00e1d\u00e9 pasztilla (Callebaut) felhaszn\u00e1l\u00e1s\u00e1val. Mikul\u00e1s csomag (Csoki Mikul\u00e1s, t\u00e1bla csokol\u00e1d\u00e9, csokol\u00e1d\u00e9 nyal\u00f3ka d\u00edszdobozban) R\u00e9szletek\u00e9rt \u00e9rdekl\u0151dj\u00f6n el\u00e9rhet\u0151s\u00e9g\u00fcnk\u00f6n!<\/p>\n","protected":false},"author":2561,"featured_media":0,"comment_status":"closed","ping_status":"closed","sticky":false,"template":"","format":"standard","meta":{"_seopress_robots_primary_cat":"","_seopress_titles_title":"","_seopress_titles_desc":"","_seopress_robots_index":"","_et_pb_use_builder":"","_et_pb_old_content":"","_et_gb_content_width":"","footnotes":""},"categories":[1],"tags":[],"class_list":["post-5626","post","type-post","status-publish","format-standard","hentry","category-szhgy"],"_links":{"self":[{"href":"https:\/\/szulokhaza.hu\/gyor\/wp-json\/wp\/v2\/posts\/5626","targetHints":{"allow":["GET"]}}],"collection":[{"href":"https:\/\/szulokhaza.hu\/gyor\/wp-json\/wp\/v2\/posts"}],"about":[{"href":"https:\/\/szulokhaza.hu\/gyor\/wp-json\/wp\/v2\/types\/post"}],"author":[{"embeddable":true,"href":"https:\/\/szulokhaza.hu\/gyor\/wp-json\/wp\/v2\/users\/2561"}],"replies":[{"embeddable":true,"href":"https:\/\/szulokhaza.hu\/gyor\/wp-json\/wp\/v2\/comments?post=5626"}],"version-history":[{"count":0,"href":"https:\/\/szulokhaza.hu\/gyor\/wp-json\/wp\/v2\/posts\/5626\/revisions"}],"wp:attachment":[{"href":"https:\/\/szulokhaza.hu\/gyor\/wp-json\/wp\/v2\/media?parent=5626"}],"wp:term":[{"taxonomy":"category","embeddable":true,"href":"https:\/\/szulokhaza.hu\/gyor\/wp-json\/wp\/v2\/categories?post=5626"},{"taxonomy":"post_tag","embeddable":true,"href":"https:\/\/szulokhaza.hu\/gyor\/wp-json\/wp\/v2\/tags?post=5626"}],"curies":[{"name":"wp","href":"https:\/\/api.w.org\/{rel}","templated":true}]}}