{"id":5637,"date":"2016-11-18T11:41:25","date_gmt":"2016-11-18T10:41:25","guid":{"rendered":"http:\/\/szulokhaza.hu\/gyor\/?p=5637"},"modified":"2016-11-18T11:41:25","modified_gmt":"2016-11-18T10:41:25","slug":"egeszsegnap-jovo-heten","status":"publish","type":"post","link":"https:\/\/szulokhaza.hu\/gyor\/egeszsegnap-jovo-heten\/","title":{"rendered":"Eg\u00e9szs\u00e9gnap j\u00f6v\u0151 h\u00e9ten"},"content":{"rendered":"<p><a href=\"http:\/\/szulokhaza.hu\/gyor\/wp-content\/uploads\/2016\/11\/egnap.jpg\" rel=\"attachment wp-att-5638\"><img loading=\"lazy\" decoding=\"async\" class=\"alignleft size-medium wp-image-5638\" src=\"http:\/\/szulokhaza.hu\/gyor\/wp-content\/uploads\/2016\/11\/egnap-251x300.jpg\" alt=\"\" width=\"251\" height=\"300\" srcset=\"https:\/\/szulokhaza.hu\/gyor\/wp-content\/uploads\/2016\/11\/egnap-251x300.jpg 251w, https:\/\/szulokhaza.hu\/gyor\/wp-content\/uploads\/2016\/11\/egnap-17x20.jpg 17w, https:\/\/szulokhaza.hu\/gyor\/wp-content\/uploads\/2016\/11\/egnap.jpg 358w\" sizes=\"(max-width: 251px) 100vw, 251px\" \/><\/a><\/p>\n<p>A Sz\u00e9chenyi Istv\u00e1n Egyetemen\u00a0szoci\u00e1lis \u00e9s ifj\u00fas\u00e1gseg\u00edt\u0151i szakos hallagat\u00f3ival k\u00f6z\u00f6sen Eg\u00e9szs\u00e9gnapot szervezt\u00fcnk, amelyre szeretettel v\u00e1runk Benneteket november 25-\u00e9n, p\u00e9nteken 16:00 &#8211; 18:00 k\u00f6z\u00f6tt.<\/p>\n<p>Lehet\u0151s\u00e9getek lesz v\u00e9rcukorszint-, v\u00e9rnyom\u00e1s m\u00e9r\u00e9sre, \u00e9s \u00e1ltal\u00e1nos \u00e1llapototokr\u00f3l visszajelz\u00e9st kaphattok!<br \/>\nA gyerekeket kreat\u00edv-sarok, \u00e9s mini torna v\u00e1rja!<\/p>\n","protected":false},"excerpt":{"rendered":"<p>A Sz\u00e9chenyi Istv\u00e1n Egyetemen\u00a0szoci\u00e1lis \u00e9s ifj\u00fas\u00e1gseg\u00edt\u0151i szakos hallagat\u00f3ival k\u00f6z\u00f6sen Eg\u00e9szs\u00e9gnapot szervezt\u00fcnk, amelyre szeretettel v\u00e1runk Benneteket november 25-\u00e9n, p\u00e9nteken 16:00 &#8211; 18:00 k\u00f6z\u00f6tt. Lehet\u0151s\u00e9getek lesz v\u00e9rcukorszint-, v\u00e9rnyom\u00e1s m\u00e9r\u00e9sre, \u00e9s \u00e1ltal\u00e1nos \u00e1llapototokr\u00f3l visszajelz\u00e9st kaphattok! A gyerekeket kreat\u00edv-sarok, \u00e9s mini torna v\u00e1rja!<\/p>\n","protected":false},"author":2561,"featured_media":0,"comment_status":"closed","ping_status":"closed","sticky":false,"template":"","format":"standard","meta":{"_seopress_robots_primary_cat":"","_seopress_titles_title":"","_seopress_titles_desc":"","_seopress_robots_index":"","_et_pb_use_builder":"","_et_pb_old_content":"","_et_gb_content_width":"","footnotes":""},"categories":[1],"tags":[],"class_list":["post-5637","post","type-post","status-publish","format-standard","hentry","category-szhgy"],"_links":{"self":[{"href":"https:\/\/szulokhaza.hu\/gyor\/wp-json\/wp\/v2\/posts\/5637","targetHints":{"allow":["GET"]}}],"collection":[{"href":"https:\/\/szulokhaza.hu\/gyor\/wp-json\/wp\/v2\/posts"}],"about":[{"href":"https:\/\/szulokhaza.hu\/gyor\/wp-json\/wp\/v2\/types\/post"}],"author":[{"embeddable":true,"href":"https:\/\/szulokhaza.hu\/gyor\/wp-json\/wp\/v2\/users\/2561"}],"replies":[{"embeddable":true,"href":"https:\/\/szulokhaza.hu\/gyor\/wp-json\/wp\/v2\/comments?post=5637"}],"version-history":[{"count":0,"href":"https:\/\/szulokhaza.hu\/gyor\/wp-json\/wp\/v2\/posts\/5637\/revisions"}],"wp:attachment":[{"href":"https:\/\/szulokhaza.hu\/gyor\/wp-json\/wp\/v2\/media?parent=5637"}],"wp:term":[{"taxonomy":"category","embeddable":true,"href":"https:\/\/szulokhaza.hu\/gyor\/wp-json\/wp\/v2\/categories?post=5637"},{"taxonomy":"post_tag","embeddable":true,"href":"https:\/\/szulokhaza.hu\/gyor\/wp-json\/wp\/v2\/tags?post=5637"}],"curies":[{"name":"wp","href":"https:\/\/api.w.org\/{rel}","templated":true}]}}