{"id":5644,"date":"2016-11-28T12:32:45","date_gmt":"2016-11-28T11:32:45","guid":{"rendered":"http:\/\/szulokhaza.hu\/gyor\/?p=5644"},"modified":"2016-11-28T12:32:45","modified_gmt":"2016-11-28T11:32:45","slug":"adventi-kezmuveskedes-pentekenkent","status":"publish","type":"post","link":"https:\/\/szulokhaza.hu\/gyor\/adventi-kezmuveskedes-pentekenkent\/","title":{"rendered":"Adventi k\u00e9zm\u0171vesked\u00e9s p\u00e9ntekenk\u00e9nt"},"content":{"rendered":"<p><a href=\"http:\/\/szulokhaza.hu\/gyor\/wp-content\/uploads\/2016\/11\/mont\u00e1zs-kari.jpg\" rel=\"attachment wp-att-5645\"><img loading=\"lazy\" decoding=\"async\" class=\"alignleft size-medium wp-image-5645\" src=\"http:\/\/szulokhaza.hu\/gyor\/wp-content\/uploads\/2016\/11\/mont\u00e1zs-kari-300x300.jpg\" alt=\"\" width=\"300\" height=\"300\" srcset=\"https:\/\/szulokhaza.hu\/gyor\/wp-content\/uploads\/2016\/11\/mont\u00e1zs-kari-300x300.jpg 300w, https:\/\/szulokhaza.hu\/gyor\/wp-content\/uploads\/2016\/11\/mont\u00e1zs-kari-100x100.jpg 100w, https:\/\/szulokhaza.hu\/gyor\/wp-content\/uploads\/2016\/11\/mont\u00e1zs-kari-600x600.jpg 600w, https:\/\/szulokhaza.hu\/gyor\/wp-content\/uploads\/2016\/11\/mont\u00e1zs-kari-150x150.jpg 150w, https:\/\/szulokhaza.hu\/gyor\/wp-content\/uploads\/2016\/11\/mont\u00e1zs-kari-20x20.jpg 20w, https:\/\/szulokhaza.hu\/gyor\/wp-content\/uploads\/2016\/11\/mont\u00e1zs-kari.jpg 705w\" sizes=\"(max-width: 300px) 100vw, 300px\" \/><\/a><\/p>\n<p>Szeretettel v\u00e1runk minden kicsit \u00e9s nagyot adventi k\u00e9zm\u0171ves foglalkoz\u00e1sainkra p\u00e9ntekenk\u00e9nt.<\/p>\n<p>December 2. 16:30 &#8211; 17:30 : Cser\u00e9p \u00e1llatk\u00e1k \u00e9s h\u00f3ember k\u00e9sz\u00edt\u00e9se<\/p>\n<p>December 9.\u00a016:30 &#8211; 17:30 : Kar\u00e1csonyfad\u00edsz k\u00e9sz\u00edt\u00e9s<\/p>\n<p>December 16.\u00a016:30 &#8211; 17:30 : F\u00e9nyk\u00e9pes kar\u00e1csonyfad\u00edsz k\u00e9sz\u00edt\u00e9s<\/p>\n<p>El\u0151zetes jelentkez\u00e9s sz\u00fcks\u00e9ges!<\/p>\n","protected":false},"excerpt":{"rendered":"<p>Szeretettel v\u00e1runk minden kicsit \u00e9s nagyot adventi k\u00e9zm\u0171ves foglalkoz\u00e1sainkra p\u00e9ntekenk\u00e9nt. December 2. 16:30 &#8211; 17:30 : Cser\u00e9p \u00e1llatk\u00e1k \u00e9s h\u00f3ember k\u00e9sz\u00edt\u00e9se December 9.\u00a016:30 &#8211; 17:30 : Kar\u00e1csonyfad\u00edsz k\u00e9sz\u00edt\u00e9s December 16.\u00a016:30 &#8211; 17:30 : F\u00e9nyk\u00e9pes kar\u00e1csonyfad\u00edsz k\u00e9sz\u00edt\u00e9s El\u0151zetes jelentkez\u00e9s sz\u00fcks\u00e9ges!<\/p>\n","protected":false},"author":2561,"featured_media":0,"comment_status":"closed","ping_status":"closed","sticky":false,"template":"","format":"standard","meta":{"_seopress_robots_primary_cat":"","_seopress_titles_title":"","_seopress_titles_desc":"","_seopress_robots_index":"","_et_pb_use_builder":"","_et_pb_old_content":"","_et_gb_content_width":"","footnotes":""},"categories":[1],"tags":[],"class_list":["post-5644","post","type-post","status-publish","format-standard","hentry","category-szhgy"],"_links":{"self":[{"href":"https:\/\/szulokhaza.hu\/gyor\/wp-json\/wp\/v2\/posts\/5644","targetHints":{"allow":["GET"]}}],"collection":[{"href":"https:\/\/szulokhaza.hu\/gyor\/wp-json\/wp\/v2\/posts"}],"about":[{"href":"https:\/\/szulokhaza.hu\/gyor\/wp-json\/wp\/v2\/types\/post"}],"author":[{"embeddable":true,"href":"https:\/\/szulokhaza.hu\/gyor\/wp-json\/wp\/v2\/users\/2561"}],"replies":[{"embeddable":true,"href":"https:\/\/szulokhaza.hu\/gyor\/wp-json\/wp\/v2\/comments?post=5644"}],"version-history":[{"count":0,"href":"https:\/\/szulokhaza.hu\/gyor\/wp-json\/wp\/v2\/posts\/5644\/revisions"}],"wp:attachment":[{"href":"https:\/\/szulokhaza.hu\/gyor\/wp-json\/wp\/v2\/media?parent=5644"}],"wp:term":[{"taxonomy":"category","embeddable":true,"href":"https:\/\/szulokhaza.hu\/gyor\/wp-json\/wp\/v2\/categories?post=5644"},{"taxonomy":"post_tag","embeddable":true,"href":"https:\/\/szulokhaza.hu\/gyor\/wp-json\/wp\/v2\/tags?post=5644"}],"curies":[{"name":"wp","href":"https:\/\/api.w.org\/{rel}","templated":true}]}}