{"id":5652,"date":"2016-12-12T15:26:32","date_gmt":"2016-12-12T14:26:32","guid":{"rendered":"http:\/\/szulokhaza.hu\/gyor\/?p=5652"},"modified":"2016-12-12T15:26:32","modified_gmt":"2016-12-12T14:26:32","slug":"fenykepes-karacsonyfa-disz-keszites","status":"publish","type":"post","link":"https:\/\/szulokhaza.hu\/gyor\/fenykepes-karacsonyfa-disz-keszites\/","title":{"rendered":"F\u00e9nyk\u00e9pes kar\u00e1csonyfa d\u00edsz k\u00e9sz\u00edt\u00e9s"},"content":{"rendered":"<p><a href=\"http:\/\/szulokhaza.hu\/gyor\/wp-content\/uploads\/2016\/12\/DSCF3108-k.jpg\" rel=\"attachment wp-att-5654\"><img loading=\"lazy\" decoding=\"async\" class=\"alignleft size-medium wp-image-5654\" src=\"http:\/\/szulokhaza.hu\/gyor\/wp-content\/uploads\/2016\/12\/DSCF3108-k-300x225.jpg\" alt=\"\" width=\"300\" height=\"225\" srcset=\"https:\/\/szulokhaza.hu\/gyor\/wp-content\/uploads\/2016\/12\/DSCF3108-k-300x225.jpg 300w, https:\/\/szulokhaza.hu\/gyor\/wp-content\/uploads\/2016\/12\/DSCF3108-k-600x450.jpg 600w, https:\/\/szulokhaza.hu\/gyor\/wp-content\/uploads\/2016\/12\/DSCF3108-k-768x576.jpg 768w, https:\/\/szulokhaza.hu\/gyor\/wp-content\/uploads\/2016\/12\/DSCF3108-k-510x382.jpg 510w, https:\/\/szulokhaza.hu\/gyor\/wp-content\/uploads\/2016\/12\/DSCF3108-k-20x15.jpg 20w, https:\/\/szulokhaza.hu\/gyor\/wp-content\/uploads\/2016\/12\/DSCF3108-k.jpg 800w\" sizes=\"(max-width: 300px) 100vw, 300px\" \/><\/a><\/p>\n<p>Adventi kreat\u00edv sorozatunk k\u00f6vetkez\u0151 programja a f\u00e9nyk\u00e9pes kar\u00e1csonyfa d\u00edsz k\u00e9sz\u00edt\u00e9se. Gyertek, \u00e9s k\u00e9sz\u00edts\u00e9tek el saj\u00e1t d\u00edszeteket<strong> p\u00e9nteken<\/strong> (december 16.) <strong>16:00 \u00f3r\u00e1t\u00f3l<\/strong>.<\/p>\n<p><strong> El\u0151zetes jelentkez\u00e9s, \u00e9s f\u00e9nyk\u00e9p sz\u00fcks\u00e9ges!<\/strong><\/p>\n","protected":false},"excerpt":{"rendered":"<p>Adventi kreat\u00edv sorozatunk k\u00f6vetkez\u0151 programja a f\u00e9nyk\u00e9pes kar\u00e1csonyfa d\u00edsz k\u00e9sz\u00edt\u00e9se. Gyertek, \u00e9s k\u00e9sz\u00edts\u00e9tek el saj\u00e1t d\u00edszeteket p\u00e9nteken (december 16.) 16:00 \u00f3r\u00e1t\u00f3l. El\u0151zetes jelentkez\u00e9s, \u00e9s f\u00e9nyk\u00e9p sz\u00fcks\u00e9ges!<\/p>\n","protected":false},"author":2561,"featured_media":0,"comment_status":"closed","ping_status":"closed","sticky":false,"template":"","format":"standard","meta":{"_seopress_robots_primary_cat":"","_seopress_titles_title":"","_seopress_titles_desc":"","_seopress_robots_index":"","_et_pb_use_builder":"","_et_pb_old_content":"","_et_gb_content_width":"","footnotes":""},"categories":[1],"tags":[],"class_list":["post-5652","post","type-post","status-publish","format-standard","hentry","category-szhgy"],"_links":{"self":[{"href":"https:\/\/szulokhaza.hu\/gyor\/wp-json\/wp\/v2\/posts\/5652","targetHints":{"allow":["GET"]}}],"collection":[{"href":"https:\/\/szulokhaza.hu\/gyor\/wp-json\/wp\/v2\/posts"}],"about":[{"href":"https:\/\/szulokhaza.hu\/gyor\/wp-json\/wp\/v2\/types\/post"}],"author":[{"embeddable":true,"href":"https:\/\/szulokhaza.hu\/gyor\/wp-json\/wp\/v2\/users\/2561"}],"replies":[{"embeddable":true,"href":"https:\/\/szulokhaza.hu\/gyor\/wp-json\/wp\/v2\/comments?post=5652"}],"version-history":[{"count":0,"href":"https:\/\/szulokhaza.hu\/gyor\/wp-json\/wp\/v2\/posts\/5652\/revisions"}],"wp:attachment":[{"href":"https:\/\/szulokhaza.hu\/gyor\/wp-json\/wp\/v2\/media?parent=5652"}],"wp:term":[{"taxonomy":"category","embeddable":true,"href":"https:\/\/szulokhaza.hu\/gyor\/wp-json\/wp\/v2\/categories?post=5652"},{"taxonomy":"post_tag","embeddable":true,"href":"https:\/\/szulokhaza.hu\/gyor\/wp-json\/wp\/v2\/tags?post=5652"}],"curies":[{"name":"wp","href":"https:\/\/api.w.org\/{rel}","templated":true}]}}