{"id":5664,"date":"2017-01-05T14:46:50","date_gmt":"2017-01-05T13:46:50","guid":{"rendered":"http:\/\/szulokhaza.hu\/gyor\/?p=5664"},"modified":"2017-01-05T14:46:50","modified_gmt":"2017-01-05T13:46:50","slug":"nyilt-foglalkozasok","status":"publish","type":"post","link":"https:\/\/szulokhaza.hu\/gyor\/nyilt-foglalkozasok\/","title":{"rendered":"Ny\u00edlt foglalkoz\u00e1sok"},"content":{"rendered":"<p style=\"text-align: center;\">Az \u00faj esztend\u0151ben \u00faj foglalkoz\u00e1ssal k\u00e9sz\u00fclt\u00fcnk Nektek!<\/p>\n<p style=\"text-align: center;\">Szeretettel v\u00e1runk Benneteket <strong>ny\u00edlt (ingyenes)<\/strong> foglalkoz\u00e1sainkra j\u00f6v\u0151 h\u00e9ten:<\/p>\n<p style=\"text-align: center;\">janu\u00e1r 9-\u00e9n, h\u00e9tf\u0151n <strong>10:00 &#8211; 11:00 <a href=\"http:\/\/szulokhaza.hu\/gyor\/izgo-mozgo-torna\/\" target=\"_blank\">Izg\u0151-mozg\u00f3 torna<\/a><\/strong> bemutat\u00f3<\/p>\n<p style=\"text-align: center;\">janu\u00e1r 9-\u00e9n, h\u00e9tf\u0151n <strong>16:00 &#8211; 17:00 N\u00e9pt\u00e1nc &#8211; \u00a0n\u00e9pi j\u00e1t\u00e9kkal<\/strong> bemutat\u00f3<\/p>\n<p style=\"text-align: center;\">janu\u00e1r 13-\u00e1n, p\u00e9nteken <strong>10:00 &#8211; 11:00 <a href=\"http:\/\/szulokhaza.hu\/gyor\/minimuzsika\/\" target=\"_blank\">Minimuzsika<\/a><\/strong> bemutat\u00f3<\/p>\n<p style=\"text-align: center;\">Minden foglalkoz\u00e1sra <strong>el\u0151zetes jelentkez\u00e9s sz\u00fcks\u00e9ges!!<\/strong><\/p>\n<p><a href=\"http:\/\/szulokhaza.hu\/gyor\/wp-content\/uploads\/2017\/01\/\u00f3rarend2017.01.sz\u00ednes.jpg\" rel=\"attachment wp-att-5669\"><img loading=\"lazy\" decoding=\"async\" class=\"alignleft size-full wp-image-5669\" src=\"http:\/\/szulokhaza.hu\/gyor\/wp-content\/uploads\/2017\/01\/\u00f3rarend2017.01.sz\u00ednes.jpg\" alt=\"\" width=\"797\" height=\"357\" \/><\/a><\/p>\n<p>&nbsp;<\/p>\n","protected":false},"excerpt":{"rendered":"<p>Az \u00faj esztend\u0151ben \u00faj foglalkoz\u00e1ssal k\u00e9sz\u00fclt\u00fcnk Nektek! Szeretettel v\u00e1runk Benneteket ny\u00edlt (ingyenes) foglalkoz\u00e1sainkra j\u00f6v\u0151 h\u00e9ten: janu\u00e1r 9-\u00e9n, h\u00e9tf\u0151n 10:00 &#8211; 11:00 Izg\u0151-mozg\u00f3 torna bemutat\u00f3 janu\u00e1r 9-\u00e9n, h\u00e9tf\u0151n 16:00 &#8211; 17:00 N\u00e9pt\u00e1nc &#8211; \u00a0n\u00e9pi j\u00e1t\u00e9kkal bemutat\u00f3 janu\u00e1r 13-\u00e1n, p\u00e9nteken 10:00 &#8211; 11:00 Minimuzsika bemutat\u00f3 Minden foglalkoz\u00e1sra el\u0151zetes jelentkez\u00e9s sz\u00fcks\u00e9ges!! &nbsp;<\/p>\n","protected":false},"author":2561,"featured_media":0,"comment_status":"closed","ping_status":"closed","sticky":false,"template":"","format":"standard","meta":{"_seopress_robots_primary_cat":"","_seopress_titles_title":"","_seopress_titles_desc":"","_seopress_robots_index":"","_et_pb_use_builder":"","_et_pb_old_content":"","_et_gb_content_width":"","footnotes":""},"categories":[1],"tags":[],"class_list":["post-5664","post","type-post","status-publish","format-standard","hentry","category-szhgy"],"_links":{"self":[{"href":"https:\/\/szulokhaza.hu\/gyor\/wp-json\/wp\/v2\/posts\/5664","targetHints":{"allow":["GET"]}}],"collection":[{"href":"https:\/\/szulokhaza.hu\/gyor\/wp-json\/wp\/v2\/posts"}],"about":[{"href":"https:\/\/szulokhaza.hu\/gyor\/wp-json\/wp\/v2\/types\/post"}],"author":[{"embeddable":true,"href":"https:\/\/szulokhaza.hu\/gyor\/wp-json\/wp\/v2\/users\/2561"}],"replies":[{"embeddable":true,"href":"https:\/\/szulokhaza.hu\/gyor\/wp-json\/wp\/v2\/comments?post=5664"}],"version-history":[{"count":0,"href":"https:\/\/szulokhaza.hu\/gyor\/wp-json\/wp\/v2\/posts\/5664\/revisions"}],"wp:attachment":[{"href":"https:\/\/szulokhaza.hu\/gyor\/wp-json\/wp\/v2\/media?parent=5664"}],"wp:term":[{"taxonomy":"category","embeddable":true,"href":"https:\/\/szulokhaza.hu\/gyor\/wp-json\/wp\/v2\/categories?post=5664"},{"taxonomy":"post_tag","embeddable":true,"href":"https:\/\/szulokhaza.hu\/gyor\/wp-json\/wp\/v2\/tags?post=5664"}],"curies":[{"name":"wp","href":"https:\/\/api.w.org\/{rel}","templated":true}]}}