{"id":5726,"date":"2017-01-24T10:43:23","date_gmt":"2017-01-24T09:43:23","guid":{"rendered":"http:\/\/szulokhaza.hu\/gyor\/?p=5726"},"modified":"2017-01-24T10:43:23","modified_gmt":"2017-01-24T09:43:23","slug":"csaladi-kreativ-sarok-2","status":"publish","type":"post","link":"https:\/\/szulokhaza.hu\/gyor\/csaladi-kreativ-sarok-2\/","title":{"rendered":"CSAL\u00c1DI KREAT\u00cdV SAROK"},"content":{"rendered":"<p><a href=\"http:\/\/szulokhaza.hu\/gyor\/wp-content\/uploads\/2017\/01\/16265794_1312622542131263_7334569551143539940_n.png\" rel=\"attachment wp-att-5727\"><img loading=\"lazy\" decoding=\"async\" class=\"alignleft size-medium wp-image-5727\" src=\"http:\/\/szulokhaza.hu\/gyor\/wp-content\/uploads\/2017\/01\/16265794_1312622542131263_7334569551143539940_n-300x199.png\" alt=\"\" width=\"300\" height=\"199\" srcset=\"https:\/\/szulokhaza.hu\/gyor\/wp-content\/uploads\/2017\/01\/16265794_1312622542131263_7334569551143539940_n-300x199.png 300w, https:\/\/szulokhaza.hu\/gyor\/wp-content\/uploads\/2017\/01\/16265794_1312622542131263_7334569551143539940_n-20x13.png 20w, https:\/\/szulokhaza.hu\/gyor\/wp-content\/uploads\/2017\/01\/16265794_1312622542131263_7334569551143539940_n.png 474w\" sizes=\"(max-width: 300px) 100vw, 300px\" \/><\/a><\/p>\n<p>&#8222;J\u00f6n a tavasz megy a t\u00e9l, \u00f6reg mack\u00f3 \u00fcld\u00f6g\u00e9l. Kib\u00faj\u00e1s vagy beb\u00faj\u00e1s ez a gondom sose m\u00e1s&#8230;&#8221;<\/p>\n<p>Gyere el <strong>p\u00e9nteken 16.30-kor<\/strong> Gy\u0151r Sz\u00edv\u00e9be \u00e9s k\u00e9sz\u00edtsd el saj\u00e1t maci b\u00e1bk\u00e9szletedet. \u00cdgy azt\u00e1n Te magad is &#8222;megj\u00f3solhatod&#8221;: Ha id\u00e9n kib\u00fajik a medve a barlangj\u00e1b\u00f3l, vajon megl\u00e1tja-e az \u00e1rny\u00e9k\u00e1t?<\/p>\n<div class=\"text_exposed_show\">\n<p>Jelentkezni el\u00e9rhet\u0151s\u00e9geink b\u00e1rmelyik\u00e9n tudtok!! <span class=\"_47e3 _5mfr\" title=\"smile hangulatjel\"><img loading=\"lazy\" decoding=\"async\" class=\"img\" src=\"https:\/\/www.facebook.com\/images\/emoji.php\/v7\/f4c\/1\/16\/1f642.png\" alt=\"\" width=\"16\" height=\"16\" \/><\/span><\/p>\n<\/div>\n","protected":false},"excerpt":{"rendered":"<p>&#8222;J\u00f6n a tavasz megy a t\u00e9l, \u00f6reg mack\u00f3 \u00fcld\u00f6g\u00e9l. Kib\u00faj\u00e1s vagy beb\u00faj\u00e1s ez a gondom sose m\u00e1s&#8230;&#8221; Gyere el p\u00e9nteken 16.30-kor Gy\u0151r Sz\u00edv\u00e9be \u00e9s k\u00e9sz\u00edtsd el saj\u00e1t maci b\u00e1bk\u00e9szletedet. \u00cdgy azt\u00e1n Te magad is &#8222;megj\u00f3solhatod&#8221;: Ha id\u00e9n kib\u00fajik a medve a barlangj\u00e1b\u00f3l, vajon megl\u00e1tja-e az \u00e1rny\u00e9k\u00e1t? Jelentkezni el\u00e9rhet\u0151s\u00e9geink b\u00e1rmelyik\u00e9n tudtok!!<\/p>\n","protected":false},"author":2561,"featured_media":0,"comment_status":"closed","ping_status":"closed","sticky":false,"template":"","format":"standard","meta":{"_seopress_robots_primary_cat":"","_seopress_titles_title":"","_seopress_titles_desc":"","_seopress_robots_index":"","_et_pb_use_builder":"","_et_pb_old_content":"","_et_gb_content_width":"","footnotes":""},"categories":[1],"tags":[],"class_list":["post-5726","post","type-post","status-publish","format-standard","hentry","category-szhgy"],"_links":{"self":[{"href":"https:\/\/szulokhaza.hu\/gyor\/wp-json\/wp\/v2\/posts\/5726","targetHints":{"allow":["GET"]}}],"collection":[{"href":"https:\/\/szulokhaza.hu\/gyor\/wp-json\/wp\/v2\/posts"}],"about":[{"href":"https:\/\/szulokhaza.hu\/gyor\/wp-json\/wp\/v2\/types\/post"}],"author":[{"embeddable":true,"href":"https:\/\/szulokhaza.hu\/gyor\/wp-json\/wp\/v2\/users\/2561"}],"replies":[{"embeddable":true,"href":"https:\/\/szulokhaza.hu\/gyor\/wp-json\/wp\/v2\/comments?post=5726"}],"version-history":[{"count":0,"href":"https:\/\/szulokhaza.hu\/gyor\/wp-json\/wp\/v2\/posts\/5726\/revisions"}],"wp:attachment":[{"href":"https:\/\/szulokhaza.hu\/gyor\/wp-json\/wp\/v2\/media?parent=5726"}],"wp:term":[{"taxonomy":"category","embeddable":true,"href":"https:\/\/szulokhaza.hu\/gyor\/wp-json\/wp\/v2\/categories?post=5726"},{"taxonomy":"post_tag","embeddable":true,"href":"https:\/\/szulokhaza.hu\/gyor\/wp-json\/wp\/v2\/tags?post=5726"}],"curies":[{"name":"wp","href":"https:\/\/api.w.org\/{rel}","templated":true}]}}