{"id":5749,"date":"2017-02-19T10:24:33","date_gmt":"2017-02-19T09:24:33","guid":{"rendered":"http:\/\/szulokhaza.hu\/gyor\/?p=5749"},"modified":"2017-02-19T10:24:33","modified_gmt":"2017-02-19T09:24:33","slug":"teltemeto-tanchaz","status":"publish","type":"post","link":"https:\/\/szulokhaza.hu\/gyor\/teltemeto-tanchaz\/","title":{"rendered":"T\u00e9ltemet\u0151 t\u00e1nch\u00e1z gyerekeknek"},"content":{"rendered":"<p><a href=\"http:\/\/szulokhaza.hu\/gyor\/wp-content\/uploads\/2017\/01\/n\u00e9pt\u00e1nc.jpg\" rel=\"attachment wp-att-5677\"><img loading=\"lazy\" decoding=\"async\" class=\"alignleft size-medium wp-image-5677\" src=\"http:\/\/szulokhaza.hu\/gyor\/wp-content\/uploads\/2017\/01\/n\u00e9pt\u00e1nc-300x237.jpg\" alt=\"\" width=\"300\" height=\"237\" srcset=\"https:\/\/szulokhaza.hu\/gyor\/wp-content\/uploads\/2017\/01\/n\u00e9pt\u00e1nc-300x237.jpg 300w, https:\/\/szulokhaza.hu\/gyor\/wp-content\/uploads\/2017\/01\/n\u00e9pt\u00e1nc-600x474.jpg 600w, https:\/\/szulokhaza.hu\/gyor\/wp-content\/uploads\/2017\/01\/n\u00e9pt\u00e1nc-20x16.jpg 20w, https:\/\/szulokhaza.hu\/gyor\/wp-content\/uploads\/2017\/01\/n\u00e9pt\u00e1nc.jpg 608w\" sizes=\"(max-width: 300px) 100vw, 300px\" \/><\/a>Figyelem, figyelem!<br \/>\nK\u00f6zh\u00edrr\u00e9 t\u00e9tetik, hogy a t\u00e9l eltemettetik! A farsangi mulatoz\u00e1s a v\u00e9g\u00e9re \u00e9rkezik, s azt megel\u0151zend\u0151en t\u00e1nch\u00e1z tartatik!<\/p>\n<p>2017. febru\u00e1r 24-\u00e9n d\u00e9lut\u00e1n 16:30 &#8211; 17:00 k\u00f6z\u00f6tt t\u00e1nch\u00e1zat tartunk. Gyertek el a vid\u00e1m t\u00e9ltemet\u0151 mulats\u00e1gra, \u00e9s saj\u00e1t\u00edtsatok el 1-2 n\u00e9pt\u00e1nc l\u00e9p\u00e9st!<br \/>\nEl\u0151zetes jelentkez\u00e9s sz\u00fcks\u00e9ges!<\/p>\n","protected":false},"excerpt":{"rendered":"<p>Figyelem, figyelem! K\u00f6zh\u00edrr\u00e9 t\u00e9tetik, hogy a t\u00e9l eltemettetik! A farsangi mulatoz\u00e1s a v\u00e9g\u00e9re \u00e9rkezik, s azt megel\u0151zend\u0151en t\u00e1nch\u00e1z tartatik! 2017. febru\u00e1r 24-\u00e9n d\u00e9lut\u00e1n 16:30 &#8211; 17:00 k\u00f6z\u00f6tt t\u00e1nch\u00e1zat tartunk. Gyertek el a vid\u00e1m t\u00e9ltemet\u0151 mulats\u00e1gra, \u00e9s saj\u00e1t\u00edtsatok el 1-2 n\u00e9pt\u00e1nc l\u00e9p\u00e9st! El\u0151zetes jelentkez\u00e9s sz\u00fcks\u00e9ges!<\/p>\n","protected":false},"author":2561,"featured_media":0,"comment_status":"closed","ping_status":"closed","sticky":false,"template":"","format":"standard","meta":{"_seopress_robots_primary_cat":"","_seopress_titles_title":"","_seopress_titles_desc":"","_seopress_robots_index":"","_et_pb_use_builder":"","_et_pb_old_content":"","_et_gb_content_width":"","footnotes":""},"categories":[1],"tags":[],"class_list":["post-5749","post","type-post","status-publish","format-standard","hentry","category-szhgy"],"_links":{"self":[{"href":"https:\/\/szulokhaza.hu\/gyor\/wp-json\/wp\/v2\/posts\/5749","targetHints":{"allow":["GET"]}}],"collection":[{"href":"https:\/\/szulokhaza.hu\/gyor\/wp-json\/wp\/v2\/posts"}],"about":[{"href":"https:\/\/szulokhaza.hu\/gyor\/wp-json\/wp\/v2\/types\/post"}],"author":[{"embeddable":true,"href":"https:\/\/szulokhaza.hu\/gyor\/wp-json\/wp\/v2\/users\/2561"}],"replies":[{"embeddable":true,"href":"https:\/\/szulokhaza.hu\/gyor\/wp-json\/wp\/v2\/comments?post=5749"}],"version-history":[{"count":0,"href":"https:\/\/szulokhaza.hu\/gyor\/wp-json\/wp\/v2\/posts\/5749\/revisions"}],"wp:attachment":[{"href":"https:\/\/szulokhaza.hu\/gyor\/wp-json\/wp\/v2\/media?parent=5749"}],"wp:term":[{"taxonomy":"category","embeddable":true,"href":"https:\/\/szulokhaza.hu\/gyor\/wp-json\/wp\/v2\/categories?post=5749"},{"taxonomy":"post_tag","embeddable":true,"href":"https:\/\/szulokhaza.hu\/gyor\/wp-json\/wp\/v2\/tags?post=5749"}],"curies":[{"name":"wp","href":"https:\/\/api.w.org\/{rel}","templated":true}]}}