{"id":5796,"date":"2017-03-20T13:21:27","date_gmt":"2017-03-20T12:21:27","guid":{"rendered":"http:\/\/szulokhaza.hu\/gyor\/?p=5796"},"modified":"2017-03-28T10:05:01","modified_gmt":"2017-03-28T08:05:01","slug":"husvetvaro-jotekonysagi-vasar-a-szulok-hazaban","status":"publish","type":"post","link":"https:\/\/szulokhaza.hu\/gyor\/husvetvaro-jotekonysagi-vasar-a-szulok-hazaban\/","title":{"rendered":"H\u00fasv\u00e9tv\u00e1r\u00f3 j\u00f3t\u00e9konys\u00e1gi v\u00e1s\u00e1r a Sz\u00fcl\u0151k H\u00e1z\u00e1ban"},"content":{"rendered":"<p><a href=\"http:\/\/szulokhaza.hu\/gyor\/wp-content\/uploads\/2014\/05\/h\u00fasv\u00e9t3_kicsi.jpg\" rel=\"attachment wp-att-3219\"><img loading=\"lazy\" decoding=\"async\" class=\"alignleft size-medium wp-image-3219\" src=\"http:\/\/szulokhaza.hu\/gyor\/wp-content\/uploads\/2014\/05\/h\u00fasv\u00e9t3_kicsi-300x164.jpg\" alt=\"\" width=\"300\" height=\"164\" srcset=\"https:\/\/szulokhaza.hu\/gyor\/wp-content\/uploads\/2014\/05\/h\u00fasv\u00e9t3_kicsi.jpg 300w, https:\/\/szulokhaza.hu\/gyor\/wp-content\/uploads\/2014\/05\/h\u00fasv\u00e9t3_kicsi-20x11.jpg 20w\" sizes=\"(max-width: 300px) 100vw, 300px\" \/><\/a>\u00c1prilis 05. &#8211; 13. k\u00f6z\u00f6tt H\u00fasv\u00e9tv\u00e1r\u00f3 j\u00f3t\u00e9konys\u00e1gi k\u00e9zm\u0171ves v\u00e1s\u00e1rt tartunk a Sz\u00fcl\u0151k H\u00e1z\u00e1ban!<\/p>\n<p>Gyertek el a H\u00fasv\u00e9t el\u0151tti h\u00e9ten, \u00e9s v\u00e1s\u00e1roljatok az \u00e1ltalunk \u00e9s a gyerekek \u00e1ltal k\u00e9sz\u00edtett kis h\u00fasv\u00e9ti term\u00e9kekb\u0151l! A befolyt \u00f6sszeggel a Sz\u00fcl\u0151k H\u00e1za &#8222;Gy\u0151r Sz\u00edve&#8221; Csal\u00e1di K\u00f6zpont \u00e9s J\u00e1tsz\u00f3h\u00e1zat fenntart\u00f3 Alap\u00edtv\u00e1nyt t\u00e1mogatj\u00e1tok!<\/p>\n<p>Ha \u00fcgyes kez\u0171 anyuka vagy, nagyon sz\u00edvesen fogadjuk a v\u00e1s\u00e1rra az \u00e1ltalad k\u00e9sz\u00edtett term\u00e9kek felaj\u00e1nl\u00e1s\u00e1t is!<\/p>\n","protected":false},"excerpt":{"rendered":"<p>\u00c1prilis 05. &#8211; 13. k\u00f6z\u00f6tt H\u00fasv\u00e9tv\u00e1r\u00f3 j\u00f3t\u00e9konys\u00e1gi k\u00e9zm\u0171ves v\u00e1s\u00e1rt tartunk a Sz\u00fcl\u0151k H\u00e1z\u00e1ban! Gyertek el a H\u00fasv\u00e9t el\u0151tti h\u00e9ten, \u00e9s v\u00e1s\u00e1roljatok az \u00e1ltalunk \u00e9s a gyerekek \u00e1ltal k\u00e9sz\u00edtett kis h\u00fasv\u00e9ti term\u00e9kekb\u0151l! A befolyt \u00f6sszeggel a Sz\u00fcl\u0151k H\u00e1za &#8222;Gy\u0151r Sz\u00edve&#8221; Csal\u00e1di K\u00f6zpont \u00e9s J\u00e1tsz\u00f3h\u00e1zat fenntart\u00f3 Alap\u00edtv\u00e1nyt t\u00e1mogatj\u00e1tok! Ha \u00fcgyes kez\u0171 anyuka vagy, nagyon sz\u00edvesen fogadjuk a [&hellip;]<\/p>\n","protected":false},"author":2561,"featured_media":0,"comment_status":"closed","ping_status":"closed","sticky":false,"template":"","format":"standard","meta":{"_seopress_robots_primary_cat":"","_seopress_titles_title":"","_seopress_titles_desc":"","_seopress_robots_index":"","_et_pb_use_builder":"","_et_pb_old_content":"","_et_gb_content_width":"","footnotes":""},"categories":[1],"tags":[],"class_list":["post-5796","post","type-post","status-publish","format-standard","hentry","category-szhgy"],"_links":{"self":[{"href":"https:\/\/szulokhaza.hu\/gyor\/wp-json\/wp\/v2\/posts\/5796","targetHints":{"allow":["GET"]}}],"collection":[{"href":"https:\/\/szulokhaza.hu\/gyor\/wp-json\/wp\/v2\/posts"}],"about":[{"href":"https:\/\/szulokhaza.hu\/gyor\/wp-json\/wp\/v2\/types\/post"}],"author":[{"embeddable":true,"href":"https:\/\/szulokhaza.hu\/gyor\/wp-json\/wp\/v2\/users\/2561"}],"replies":[{"embeddable":true,"href":"https:\/\/szulokhaza.hu\/gyor\/wp-json\/wp\/v2\/comments?post=5796"}],"version-history":[{"count":0,"href":"https:\/\/szulokhaza.hu\/gyor\/wp-json\/wp\/v2\/posts\/5796\/revisions"}],"wp:attachment":[{"href":"https:\/\/szulokhaza.hu\/gyor\/wp-json\/wp\/v2\/media?parent=5796"}],"wp:term":[{"taxonomy":"category","embeddable":true,"href":"https:\/\/szulokhaza.hu\/gyor\/wp-json\/wp\/v2\/categories?post=5796"},{"taxonomy":"post_tag","embeddable":true,"href":"https:\/\/szulokhaza.hu\/gyor\/wp-json\/wp\/v2\/tags?post=5796"}],"curies":[{"name":"wp","href":"https:\/\/api.w.org\/{rel}","templated":true}]}}