{"id":5843,"date":"2017-08-30T14:02:06","date_gmt":"2017-08-30T12:02:06","guid":{"rendered":"http:\/\/szulokhaza.hu\/gyor\/?p=5843"},"modified":"2017-08-30T14:02:06","modified_gmt":"2017-08-30T12:02:06","slug":"ingyenes-minimuzsika-foglalkozas","status":"publish","type":"post","link":"https:\/\/szulokhaza.hu\/gyor\/ingyenes-minimuzsika-foglalkozas\/","title":{"rendered":"Ingyenes Minimuzsika foglalkoz\u00e1s"},"content":{"rendered":"<p><strong>Minimu<a href=\"http:\/\/szulokhaza.hu\/gyor\/wp-content\/uploads\/2017\/08\/minimuzsika.jpg\" rel=\"attachment wp-att-5844\"><img loading=\"lazy\" decoding=\"async\" class=\"size-medium wp-image-5844 alignleft\" src=\"http:\/\/szulokhaza.hu\/gyor\/wp-content\/uploads\/2017\/08\/minimuzsika-300x225.jpg\" alt=\"\" width=\"300\" height=\"225\" srcset=\"https:\/\/szulokhaza.hu\/gyor\/wp-content\/uploads\/2017\/08\/minimuzsika-300x225.jpg 300w, https:\/\/szulokhaza.hu\/gyor\/wp-content\/uploads\/2017\/08\/minimuzsika-600x450.jpg 600w, https:\/\/szulokhaza.hu\/gyor\/wp-content\/uploads\/2017\/08\/minimuzsika-768x576.jpg 768w, https:\/\/szulokhaza.hu\/gyor\/wp-content\/uploads\/2017\/08\/minimuzsika-510x382.jpg 510w, https:\/\/szulokhaza.hu\/gyor\/wp-content\/uploads\/2017\/08\/minimuzsika-20x15.jpg 20w, https:\/\/szulokhaza.hu\/gyor\/wp-content\/uploads\/2017\/08\/minimuzsika.jpg 960w\" sizes=\"(max-width: 300px) 100vw, 300px\" \/><\/a>zsika \u00fajrat\u00f6ltve<\/strong><\/p>\n<p>Gyere el <strong>ingyenes<\/strong> bemutat\u00f3 foglalkoz\u00e1sunkra <strong>szeptember 14-\u00e9n,<\/strong> <strong>cs\u00fct\u00f6rt\u00f6k\u00f6n,<\/strong> d\u00e9lel\u0151tt 10 \u00f3rakor \u00e9s rep\u00fclj vel\u00fcnk a man\u00f3k birodalma\u00a0<span class=\"text_exposed_show\">fel\u00e9!<\/span><\/p>\n<div class=\"text_exposed_show\">\n<p>K\u00e9pzeletj\u00e1t\u00e9kkal f\u0171szerezett zen\u00e9s foglalkoz\u00e1sunk NEKTEK SZ\u00d3L:<br \/>\n&#8211; ha gyermeked 0,5-2 \u00e9ves koroszt\u00e1ly tagja<br \/>\n&#8211; ha szeretitek a szervezett, \u00e1m m\u00e9gis meghitt hangulat\u00fa k\u00f6z\u00f6s egy\u00fcttl\u00e9tet\/ egy\u00fctt-j\u00e1tsz\u00e1st a gyermekeddel<br \/>\n&#8211; ha szeretn\u00e9d feleleven\u00edteni a r\u00e9g feled\u00e9sbe mer\u00fclt gyermekdalokat, mond\u00f3k\u00e1kat, vagy esetleg \u00fajakat tanuln\u00e1l<br \/>\n&#8211; ha elsaj\u00e1t\u00edtan\u00e1l olyan j\u00e1t\u00e9kokat, mozdulatokat, melyeket otthon is haszn\u00e1lhattok a mindennapok sor\u00e1n<\/p>\n<p>MI\u00c9RT IS AJ\u00c1NLJUK NEKED? MI\u00c9RT J\u00d3K EZEK A FOGLALKOZ\u00c1SOK?<br \/>\n&#8211; k\u00f6z\u00f6s \u00e9lm\u00e9nyt ny\u00fajt<br \/>\n&#8211; anya-gyermek kapcsolatot &#8211; k\u00f6t\u0151d\u00e9st er\u0151s\u00edt\u0151 folyamat<br \/>\n&#8211; min\u0151s\u00e9gi egy\u00fcttl\u00e9tet biztos\u00edt<br \/>\n&#8211; k\u00f6z\u00f6ss\u00e9gi \u00e9lm\u00e9ny: szocializ\u00e1ci\u00f3 a gyermeknek, a sz\u00fcl\u0151knek pedig t\u00e1rsas\u00e1gi, kimozdul\u00e1si lehet\u0151s\u00e9g<br \/>\n&#8211; lehet\u0151s\u00e9get ny\u00fajt az \u00e9rzelmi mint\u00e1k \u00e1tad\u00e1s\u00e1ra j\u00e1t\u00e9kos form\u00e1ban<br \/>\n&#8211; pozit\u00edvan hat a besz\u00e9d fejl\u0151d\u00e9sre, mozg\u00e1sfejl\u0151d\u00e9sre, ritmus\u00e9rz\u00e9k kialakul\u00e1s\u00e1ra<br \/>\n&#8211; lehet\u0151s\u00e9g a k\u00f6z\u00f6s j\u00e1t\u00e9kok tanul\u00e1s\u00e1ra, elsaj\u00e1t\u00edt\u00e1s\u00e1ra<\/p>\n<p>R\u00e9szv\u00e9teli sz\u00e1nd\u00e9kotokat k\u00e9rj\u00fck <a href=\"http:\/\/szulokhaza.hu\/gyor\/kapcsolat\/\">el\u00e9rhet\u0151s\u00e9geink<\/a> valamelyik\u00e9n (e-mail, facebook, telefon, szem\u00e9lyesen) jelezz\u00e9tek, hiszen foglalkoz\u00e1sainkon korl\u00e1tozott l\u00e9tsz\u00e1mban tudtok r\u00e9szt venni.<\/p>\n<p>Jelentkezz most, hogy le ne maradj a kalandr\u00f3l!<\/p>\n<\/div>\n<p>&nbsp;<\/p>\n","protected":false},"excerpt":{"rendered":"<p>Minimuzsika \u00fajrat\u00f6ltve Gyere el ingyenes bemutat\u00f3 foglalkoz\u00e1sunkra szeptember 14-\u00e9n, cs\u00fct\u00f6rt\u00f6k\u00f6n, d\u00e9lel\u0151tt 10 \u00f3rakor \u00e9s rep\u00fclj vel\u00fcnk a man\u00f3k birodalma\u00a0fel\u00e9! K\u00e9pzeletj\u00e1t\u00e9kkal f\u0171szerezett zen\u00e9s foglalkoz\u00e1sunk NEKTEK SZ\u00d3L: &#8211; ha gyermeked 0,5-2 \u00e9ves koroszt\u00e1ly tagja &#8211; ha szeretitek a szervezett, \u00e1m m\u00e9gis meghitt hangulat\u00fa k\u00f6z\u00f6s egy\u00fcttl\u00e9tet\/ egy\u00fctt-j\u00e1tsz\u00e1st a gyermekeddel &#8211; ha szeretn\u00e9d feleleven\u00edteni a r\u00e9g feled\u00e9sbe mer\u00fclt gyermekdalokat, [&hellip;]<\/p>\n","protected":false},"author":2561,"featured_media":0,"comment_status":"closed","ping_status":"closed","sticky":false,"template":"","format":"standard","meta":{"_seopress_robots_primary_cat":"","_seopress_titles_title":"","_seopress_titles_desc":"","_seopress_robots_index":"","_et_pb_use_builder":"","_et_pb_old_content":"","_et_gb_content_width":"","footnotes":""},"categories":[1],"tags":[],"class_list":["post-5843","post","type-post","status-publish","format-standard","hentry","category-szhgy"],"_links":{"self":[{"href":"https:\/\/szulokhaza.hu\/gyor\/wp-json\/wp\/v2\/posts\/5843","targetHints":{"allow":["GET"]}}],"collection":[{"href":"https:\/\/szulokhaza.hu\/gyor\/wp-json\/wp\/v2\/posts"}],"about":[{"href":"https:\/\/szulokhaza.hu\/gyor\/wp-json\/wp\/v2\/types\/post"}],"author":[{"embeddable":true,"href":"https:\/\/szulokhaza.hu\/gyor\/wp-json\/wp\/v2\/users\/2561"}],"replies":[{"embeddable":true,"href":"https:\/\/szulokhaza.hu\/gyor\/wp-json\/wp\/v2\/comments?post=5843"}],"version-history":[{"count":0,"href":"https:\/\/szulokhaza.hu\/gyor\/wp-json\/wp\/v2\/posts\/5843\/revisions"}],"wp:attachment":[{"href":"https:\/\/szulokhaza.hu\/gyor\/wp-json\/wp\/v2\/media?parent=5843"}],"wp:term":[{"taxonomy":"category","embeddable":true,"href":"https:\/\/szulokhaza.hu\/gyor\/wp-json\/wp\/v2\/categories?post=5843"},{"taxonomy":"post_tag","embeddable":true,"href":"https:\/\/szulokhaza.hu\/gyor\/wp-json\/wp\/v2\/tags?post=5843"}],"curies":[{"name":"wp","href":"https:\/\/api.w.org\/{rel}","templated":true}]}}