{"id":5856,"date":"2017-09-01T13:59:05","date_gmt":"2017-09-01T11:59:05","guid":{"rendered":"http:\/\/szulokhaza.hu\/gyor\/?p=5856"},"modified":"2017-09-01T13:59:05","modified_gmt":"2017-09-01T11:59:05","slug":"ingyenes-izgo-mozgo-torna","status":"publish","type":"post","link":"https:\/\/szulokhaza.hu\/gyor\/ingyenes-izgo-mozgo-torna\/","title":{"rendered":"INGYENES IZG\u0150-MOZG\u00d3 TORNA"},"content":{"rendered":"<p><a href=\"http:\/\/szulokhaza.hu\/gyor\/wp-content\/uploads\/2017\/09\/DSCN8872v\u00e1gott300-241x300.jpg\" rel=\"attachment wp-att-5859\"><img loading=\"lazy\" decoding=\"async\" class=\"alignleft size-full wp-image-5859\" src=\"http:\/\/szulokhaza.hu\/gyor\/wp-content\/uploads\/2017\/09\/DSCN8872v\u00e1gott300-241x300.jpg\" alt=\"DSCN8872v\u00e1gott300-241x300\" width=\"241\" height=\"300\" srcset=\"https:\/\/szulokhaza.hu\/gyor\/wp-content\/uploads\/2017\/09\/DSCN8872v\u00e1gott300-241x300.jpg 241w, https:\/\/szulokhaza.hu\/gyor\/wp-content\/uploads\/2017\/09\/DSCN8872v\u00e1gott300-241x300-16x20.jpg 16w\" sizes=\"(max-width: 241px) 100vw, 241px\" \/><\/a>\u00dajabb INGYENES bemutat\u00f3 foglalkoz\u00e1ssal kedvesked\u00fcnk nektek. Most a mozg\u00e1s\u00e9 a f\u0151szerep\u00a0<span class=\"_47e3 _5mfr\" title=\"smile hangulatjel\"><img loading=\"lazy\" decoding=\"async\" class=\"img\" src=\"https:\/\/www.facebook.com\/images\/emoji.php\/v9\/f4c\/1\/16\/1f642.png\" alt=\"\" width=\"16\" height=\"16\" \/><\/span><\/p>\n<p><strong>IZG\u0150-MOZG\u00d3 TORNA<\/strong><br \/>\nGyere el szeptember 11-\u00e9n h\u00e9tf\u0151n, 10.00-kor kezd\u0151d\u0151 mozg\u00e1sfejleszt\u0151 kalandunkra, hogy megismerkedhess a mi kis torna vil\u00e1gunkkal!<\/p>\n<div class=\"text_exposed_show\">\n<p><strong>ITT A HELYED,HA&#8230;<\/strong><br \/>\n&#8230; gyermeked elm\u00falt 2 \u00e9ves, (2-4 \u00e9ves koroszt\u00e1ly a c\u00e9lk\u00f6z\u00f6ns\u00e9g)<br \/>\n&#8230; ha szeretn\u00e9tek k\u00f6z\u00f6s programokon r\u00e9szt venni, de a kis lurk\u00f3d egy igazi kis \u00f6r\u00f6kmozg\u00f3<br \/>\n&#8230; ha szeretn\u00e9l odafigyelni gyermeked mozg\u00e1sig\u00e9ny\u00e9re, szeretn\u00e9d seg\u00edteni a mozg\u00e1sfejl\u0151d\u00e9s\u00e9t<\/p>\n<p><strong>MIT AD NEKTEK AZ IZG\u0150-MOZG\u00d3?<\/strong><\/p>\n<p>&#8211; \u00c9letkornak megfelel\u0151 tests\u00e9ma-ismeretet ad<br \/>\n&#8211; Seg\u00edti az \u00f6sszerendezett mozg\u00e1skoordin\u00e1ci\u00f3<br \/>\n&#8211; Egyens\u00faly\u00e9rz\u00e9k fejleszt\u00e9st<br \/>\n&#8211; G\u00f6mb\u00e9rz\u00e9ket (labda\u00e9rz\u00e9k)<br \/>\n&#8211; Ritmus\u00e9rz\u00e9ket<br \/>\n&#8211; Sz\u00e9lesk\u00f6r\u0171 mozg\u00e1sb\u00e1zist<br \/>\n&#8211; Izomt\u00f3nus; v\u00e1zizmok er\u0151s\u00f6d\u00e9s\u00e9t,<br \/>\n&#8211; Megalapozza a biomechanikailag helyes testtart\u00e1st<br \/>\n&#8211; Olvas\u00e1s-\u00edr\u00e1sk\u00e9szs\u00e9g korai el\u0151k\u00e9sz\u00edt\u00e9se<br \/>\n&#8211; Szocializ\u00e1ci\u00f3t<br \/>\n&#8211; K\u00f6z\u00f6s \u00e9lm\u00e9nyt \u00e9s k\u00f6z\u00f6ss\u00e9gi \u00e9lm\u00e9nyt<\/p>\n<p>A foglalkoz\u00e1son a f\u00e9r\u0151helyek korl\u00e1tozottak, ez\u00e9rt EL\u0150ZETES JELENTKEZ\u00c9S SZ\u00dcKS\u00c9GES\u00a0<span class=\"_47e3 _5mfr\" title=\"smile hangulatjel\"><img loading=\"lazy\" decoding=\"async\" class=\"img\" src=\"https:\/\/www.facebook.com\/images\/emoji.php\/v9\/f4c\/1\/16\/1f642.png\" alt=\"\" width=\"16\" height=\"16\" \/>\u00a0<\/span>Feliratkozni, <a href=\"http:\/\/szulokhaza.hu\/gyor\/kapcsolat\/\">el\u00e9rhet\u0151s\u00e9geink <\/a>b\u00e1rmelyik\u00e9n tudtok!<\/p>\n<p>V\u00e1runk szeretettel, hisz a mozg\u00e1s mindenki\u00e9!<\/p>\n<\/div>\n","protected":false},"excerpt":{"rendered":"<p>\u00dajabb INGYENES bemutat\u00f3 foglalkoz\u00e1ssal kedvesked\u00fcnk nektek. Most a mozg\u00e1s\u00e9 a f\u0151szerep\u00a0 IZG\u0150-MOZG\u00d3 TORNA Gyere el szeptember 11-\u00e9n h\u00e9tf\u0151n, 10.00-kor kezd\u0151d\u0151 mozg\u00e1sfejleszt\u0151 kalandunkra, hogy megismerkedhess a mi kis torna vil\u00e1gunkkal! ITT A HELYED,HA&#8230; &#8230; gyermeked elm\u00falt 2 \u00e9ves, (2-4 \u00e9ves koroszt\u00e1ly a c\u00e9lk\u00f6z\u00f6ns\u00e9g) &#8230; ha szeretn\u00e9tek k\u00f6z\u00f6s programokon r\u00e9szt venni, de a kis lurk\u00f3d egy igazi [&hellip;]<\/p>\n","protected":false},"author":2561,"featured_media":0,"comment_status":"closed","ping_status":"closed","sticky":false,"template":"","format":"standard","meta":{"_seopress_robots_primary_cat":"","_seopress_titles_title":"","_seopress_titles_desc":"","_seopress_robots_index":"","_et_pb_use_builder":"","_et_pb_old_content":"","_et_gb_content_width":"","footnotes":""},"categories":[1],"tags":[],"class_list":["post-5856","post","type-post","status-publish","format-standard","hentry","category-szhgy"],"_links":{"self":[{"href":"https:\/\/szulokhaza.hu\/gyor\/wp-json\/wp\/v2\/posts\/5856","targetHints":{"allow":["GET"]}}],"collection":[{"href":"https:\/\/szulokhaza.hu\/gyor\/wp-json\/wp\/v2\/posts"}],"about":[{"href":"https:\/\/szulokhaza.hu\/gyor\/wp-json\/wp\/v2\/types\/post"}],"author":[{"embeddable":true,"href":"https:\/\/szulokhaza.hu\/gyor\/wp-json\/wp\/v2\/users\/2561"}],"replies":[{"embeddable":true,"href":"https:\/\/szulokhaza.hu\/gyor\/wp-json\/wp\/v2\/comments?post=5856"}],"version-history":[{"count":0,"href":"https:\/\/szulokhaza.hu\/gyor\/wp-json\/wp\/v2\/posts\/5856\/revisions"}],"wp:attachment":[{"href":"https:\/\/szulokhaza.hu\/gyor\/wp-json\/wp\/v2\/media?parent=5856"}],"wp:term":[{"taxonomy":"category","embeddable":true,"href":"https:\/\/szulokhaza.hu\/gyor\/wp-json\/wp\/v2\/categories?post=5856"},{"taxonomy":"post_tag","embeddable":true,"href":"https:\/\/szulokhaza.hu\/gyor\/wp-json\/wp\/v2\/tags?post=5856"}],"curies":[{"name":"wp","href":"https:\/\/api.w.org\/{rel}","templated":true}]}}