{"id":5922,"date":"2018-01-17T11:02:08","date_gmt":"2018-01-17T10:02:08","guid":{"rendered":"http:\/\/szulokhaza.hu\/gyor\/?p=5922"},"modified":"2018-01-17T11:02:08","modified_gmt":"2018-01-17T10:02:08","slug":"anyad-apad-ide-jojjon-avagy-sajat-szuleink-hatasa-a-csaladi-eletunkre","status":"publish","type":"post","link":"https:\/\/szulokhaza.hu\/gyor\/anyad-apad-ide-jojjon-avagy-sajat-szuleink-hatasa-a-csaladi-eletunkre\/","title":{"rendered":"Any\u00e1d ap\u00e1d ide j\u00f6jj\u00f6n &#8211; avagy saj\u00e1t sz\u00fcleink hat\u00e1sa a csal\u00e1di \u00e9let\u00fcnkre"},"content":{"rendered":"<p><a href=\"http:\/\/szulokhaza.hu\/gyor\/wp-content\/uploads\/2014\/05\/Any\u00e1d-ap\u00e1d.jpg\" rel=\"attachment wp-att-5921\"><img loading=\"lazy\" decoding=\"async\" class=\"alignleft size-medium wp-image-5921\" src=\"http:\/\/szulokhaza.hu\/gyor\/wp-content\/uploads\/2014\/05\/Any\u00e1d-ap\u00e1d-215x300.jpg\" alt=\"\" width=\"215\" height=\"300\" srcset=\"https:\/\/szulokhaza.hu\/gyor\/wp-content\/uploads\/2014\/05\/Any\u00e1d-ap\u00e1d-215x300.jpg 215w, https:\/\/szulokhaza.hu\/gyor\/wp-content\/uploads\/2014\/05\/Any\u00e1d-ap\u00e1d-600x837.jpg 600w, https:\/\/szulokhaza.hu\/gyor\/wp-content\/uploads\/2014\/05\/Any\u00e1d-ap\u00e1d-14x20.jpg 14w, https:\/\/szulokhaza.hu\/gyor\/wp-content\/uploads\/2014\/05\/Any\u00e1d-ap\u00e1d.jpg 688w\" sizes=\"(max-width: 215px) 100vw, 215px\" \/><\/a>Volt\u00e1l m\u00e1r Te is \u00fagy, hogy saj\u00e1t any\u00e1d, ap\u00e1d szavait hallod a saj\u00e1t sz\u00e1db\u00f3l el\u0151bukkanni? Szavakat, amelyeket megfogadt\u00e1l, ha feln\u0151tt leszel, sose fogsz mondani? \u00c9rezted m\u00e1r \u00fagy, mintha nem is a saj\u00e1t \u00e9letedet \u00e9ln\u00e9d? Mintha id\u0151r\u0151l-id\u0151re ism\u00e9teln\u00e9 a t\u00f6rt\u00e9nelem \u00f6nmag\u00e1t?<br \/>\nHa igen, gyere el a Sz\u00fcl\u0151k H\u00e1z\u00e1ba 2018. febru\u00e1r 5-\u00e9n 17:30-ra, \u00e9s hallgasd meg Reg\u0151s Judit gondolatait, tan\u00e1csait a t\u00e9m\u00e1ban.<br \/>\nA r\u00e9szv\u00e9tel ingyenes, de regisztr\u00e1ci\u00f3hoz k\u00f6t\u00f6tt. Regisztr\u00e1lni lehet: szulokhazagyor@szulokhaza.hu<\/p>\n","protected":false},"excerpt":{"rendered":"<p>Volt\u00e1l m\u00e1r Te is \u00fagy, hogy saj\u00e1t any\u00e1d, ap\u00e1d szavait hallod a saj\u00e1t sz\u00e1db\u00f3l el\u0151bukkanni? Szavakat, amelyeket megfogadt\u00e1l, ha feln\u0151tt leszel, sose fogsz mondani? \u00c9rezted m\u00e1r \u00fagy, mintha nem is a saj\u00e1t \u00e9letedet \u00e9ln\u00e9d? Mintha id\u0151r\u0151l-id\u0151re ism\u00e9teln\u00e9 a t\u00f6rt\u00e9nelem \u00f6nmag\u00e1t? Ha igen, gyere el a Sz\u00fcl\u0151k H\u00e1z\u00e1ba 2018. febru\u00e1r 5-\u00e9n 17:30-ra, \u00e9s hallgasd meg Reg\u0151s [&hellip;]<\/p>\n","protected":false},"author":2561,"featured_media":0,"comment_status":"closed","ping_status":"closed","sticky":false,"template":"","format":"standard","meta":{"_seopress_robots_primary_cat":"","_seopress_titles_title":"","_seopress_titles_desc":"","_seopress_robots_index":"","_et_pb_use_builder":"","_et_pb_old_content":"","_et_gb_content_width":"","footnotes":""},"categories":[1],"tags":[],"class_list":["post-5922","post","type-post","status-publish","format-standard","hentry","category-szhgy"],"_links":{"self":[{"href":"https:\/\/szulokhaza.hu\/gyor\/wp-json\/wp\/v2\/posts\/5922","targetHints":{"allow":["GET"]}}],"collection":[{"href":"https:\/\/szulokhaza.hu\/gyor\/wp-json\/wp\/v2\/posts"}],"about":[{"href":"https:\/\/szulokhaza.hu\/gyor\/wp-json\/wp\/v2\/types\/post"}],"author":[{"embeddable":true,"href":"https:\/\/szulokhaza.hu\/gyor\/wp-json\/wp\/v2\/users\/2561"}],"replies":[{"embeddable":true,"href":"https:\/\/szulokhaza.hu\/gyor\/wp-json\/wp\/v2\/comments?post=5922"}],"version-history":[{"count":0,"href":"https:\/\/szulokhaza.hu\/gyor\/wp-json\/wp\/v2\/posts\/5922\/revisions"}],"wp:attachment":[{"href":"https:\/\/szulokhaza.hu\/gyor\/wp-json\/wp\/v2\/media?parent=5922"}],"wp:term":[{"taxonomy":"category","embeddable":true,"href":"https:\/\/szulokhaza.hu\/gyor\/wp-json\/wp\/v2\/categories?post=5922"},{"taxonomy":"post_tag","embeddable":true,"href":"https:\/\/szulokhaza.hu\/gyor\/wp-json\/wp\/v2\/tags?post=5922"}],"curies":[{"name":"wp","href":"https:\/\/api.w.org\/{rel}","templated":true}]}}