{"id":5998,"date":"2018-04-18T09:44:57","date_gmt":"2018-04-18T07:44:57","guid":{"rendered":"http:\/\/szulokhaza.hu\/gyor\/?p=5998"},"modified":"2018-04-18T09:44:57","modified_gmt":"2018-04-18T07:44:57","slug":"nyari-kreativ-taboraink","status":"publish","type":"post","link":"https:\/\/szulokhaza.hu\/gyor\/nyari-kreativ-taboraink\/","title":{"rendered":"Ny\u00e1ri kreat\u00edv t\u00e1boraink"},"content":{"rendered":"<p><strong><a href=\"http:\/\/szulokhaza.hu\/gyor\/wp-content\/uploads\/2018\/04\/t\u00e1bor2.jpg\"><img loading=\"lazy\" decoding=\"async\" class=\"alignleft size-medium wp-image-5999\" src=\"http:\/\/szulokhaza.hu\/gyor\/wp-content\/uploads\/2018\/04\/t\u00e1bor2-212x300.jpg\" alt=\"\" width=\"212\" height=\"300\" srcset=\"https:\/\/szulokhaza.hu\/gyor\/wp-content\/uploads\/2018\/04\/t\u00e1bor2-212x300.jpg 212w, https:\/\/szulokhaza.hu\/gyor\/wp-content\/uploads\/2018\/04\/t\u00e1bor2-600x850.jpg 600w, https:\/\/szulokhaza.hu\/gyor\/wp-content\/uploads\/2018\/04\/t\u00e1bor2-14x20.jpg 14w, https:\/\/szulokhaza.hu\/gyor\/wp-content\/uploads\/2018\/04\/t\u00e1bor2.jpg 678w\" sizes=\"(max-width: 212px) 100vw, 212px\" \/><\/a>4 h\u00e9ten \u00e1t kalandok a Sz\u00fcl\u0151k H\u00e1za ny\u00e1ri t\u00e1bor\u00e1ban<\/strong><\/p>\n<p><em>zene, mese, term\u00e9szetb\u00fav\u00e1r, cirkusz<\/em><\/p>\n<p>Hetente m\u00e1s-m\u00e1s programmal v\u00e1rjuk a 3-8 \u00e9ves gyerekeket ny\u00e1ri napk\u00f6zis t\u00e1borunkban! A minim\u0171v\u00e9szek, a term\u00e9szetb\u00fav\u00e1rok, a zene szerelmesei, vagy a mes\u00e9k, ir\u00e1nt \u00e9rdekl\u0151d\u0151 csemet\u00e9k is a sz\u00e1mukra legizgalmasabb elfoglalts\u00e1ggal t\u00f6lthetik a vak\u00e1ci\u00f3t.<\/p>\n<p>El\u0151zetes jelentkez\u00e9s sz\u00fcks\u00e9ges!<\/p>\n<p>&nbsp;<\/p>\n","protected":false},"excerpt":{"rendered":"<p>4 h\u00e9ten \u00e1t kalandok a Sz\u00fcl\u0151k H\u00e1za ny\u00e1ri t\u00e1bor\u00e1ban zene, mese, term\u00e9szetb\u00fav\u00e1r, cirkusz Hetente m\u00e1s-m\u00e1s programmal v\u00e1rjuk a 3-8 \u00e9ves gyerekeket ny\u00e1ri napk\u00f6zis t\u00e1borunkban! A minim\u0171v\u00e9szek, a term\u00e9szetb\u00fav\u00e1rok, a zene szerelmesei, vagy a mes\u00e9k, ir\u00e1nt \u00e9rdekl\u0151d\u0151 csemet\u00e9k is a sz\u00e1mukra legizgalmasabb elfoglalts\u00e1ggal t\u00f6lthetik a vak\u00e1ci\u00f3t. El\u0151zetes jelentkez\u00e9s sz\u00fcks\u00e9ges! &nbsp;<\/p>\n","protected":false},"author":2561,"featured_media":0,"comment_status":"closed","ping_status":"closed","sticky":false,"template":"","format":"standard","meta":{"_seopress_robots_primary_cat":"","_seopress_titles_title":"","_seopress_titles_desc":"","_seopress_robots_index":"","_et_pb_use_builder":"","_et_pb_old_content":"","_et_gb_content_width":"","footnotes":""},"categories":[1],"tags":[],"class_list":["post-5998","post","type-post","status-publish","format-standard","hentry","category-szhgy"],"_links":{"self":[{"href":"https:\/\/szulokhaza.hu\/gyor\/wp-json\/wp\/v2\/posts\/5998","targetHints":{"allow":["GET"]}}],"collection":[{"href":"https:\/\/szulokhaza.hu\/gyor\/wp-json\/wp\/v2\/posts"}],"about":[{"href":"https:\/\/szulokhaza.hu\/gyor\/wp-json\/wp\/v2\/types\/post"}],"author":[{"embeddable":true,"href":"https:\/\/szulokhaza.hu\/gyor\/wp-json\/wp\/v2\/users\/2561"}],"replies":[{"embeddable":true,"href":"https:\/\/szulokhaza.hu\/gyor\/wp-json\/wp\/v2\/comments?post=5998"}],"version-history":[{"count":0,"href":"https:\/\/szulokhaza.hu\/gyor\/wp-json\/wp\/v2\/posts\/5998\/revisions"}],"wp:attachment":[{"href":"https:\/\/szulokhaza.hu\/gyor\/wp-json\/wp\/v2\/media?parent=5998"}],"wp:term":[{"taxonomy":"category","embeddable":true,"href":"https:\/\/szulokhaza.hu\/gyor\/wp-json\/wp\/v2\/categories?post=5998"},{"taxonomy":"post_tag","embeddable":true,"href":"https:\/\/szulokhaza.hu\/gyor\/wp-json\/wp\/v2\/tags?post=5998"}],"curies":[{"name":"wp","href":"https:\/\/api.w.org\/{rel}","templated":true}]}}