{"id":6430,"date":"2020-02-12T09:13:57","date_gmt":"2020-02-12T08:13:57","guid":{"rendered":"https:\/\/szulokhaza.hu\/gyor\/?p=6430"},"modified":"2020-02-12T09:13:57","modified_gmt":"2020-02-12T08:13:57","slug":"csalad-es-karrierpont","status":"publish","type":"post","link":"https:\/\/szulokhaza.hu\/gyor\/csalad-es-karrierpont\/","title":{"rendered":"Csal\u00e1d \u00e9s KarrierPONT"},"content":{"rendered":"<p><a href=\"https:\/\/szulokhaza.hu\/gyor\/csak\/szolgaltatasok\/\">A\u00a0<b>Sz\u00fcl\u0151k H\u00e1za Csal\u00e1d \u00e9s KarrierPONT<\/b><\/a>\u00a0a Gy\u0151r t\u00e9rs\u00e9g\u00e9ben \u00e9l\u0151 n\u0151k munkaer\u0151-piaci helyzet\u00e9nek jav\u00edt\u00e1sa, a csal\u00e1d \u00e9s a munka \u00f6sszeegyeztet\u00e9s\u00e9nek el\u0151mozd\u00edt\u00e1sa, valamint a harmonikus csal\u00e1di \u00e9let felt\u00e9teleinek t\u00e1mogat\u00e1sa \u00e9rdek\u00e9ben j\u00f6tt l\u00e9tre. Egy olyan t\u00e9rs\u00e9gi munkaer\u0151-piaci \u00e1llapot kialak\u00edt\u00e1s\u00e1t t\u0171zte ki c\u00e9lul, amely a helyi megold\u00e1sokra \u00e9s egy\u00fcttm\u0171k\u00f6d\u00e9sekre alapozva hozz\u00e1seg\u00edti a n\u0151ket a munkaer\u0151-piacra val\u00f3 visszat\u00e9r\u00e9sben az atipikus foglalkoztat\u00e1si form\u00e1k elterjeszt\u00e9s\u00e9n kereszt\u00fcl.<span class=\"Apple-converted-space\">\u00a0<\/span><\/p>\n<p>A gy\u0151ri k\u00f6zpont kiemelten fontosnak tartja a csal\u00e1dot, a csal\u00e1di \u00e9let harm\u00f3ni\u00e1j\u00e1t, ez\u00e9rt t\u00e1mogatja a sz\u00fcl\u0151k \u2013 k\u00fcl\u00f6n\u00f6sen a n\u0151k \u00e9s csal\u00e1dany\u00e1k \u2013 csal\u00e1di, t\u00e1rsadalmi \u00e9s munkaer\u0151-piaci szerepeinek \u00f6sszeegyeztethet\u0151s\u00e9g\u00e9t k\u00fcl\u00f6nb\u00f6z\u0151 szolg\u00e1ltat\u00e1sok, k\u00e9pz\u00e9sek \u00e9s fejleszt\u00e9si programok \u00e1ltal.<\/p>\n<p>A Csal\u00e1d \u00e9s KarrierPONT c\u00e9ljai k\u00f6z\u00f6tt szerepel:<\/p>\n<ul>\n<li>a n\u0151k munkaer\u0151-piaci helyzet\u00e9nek, atipikus foglalkoztathat\u00f3s\u00e1g\u00e1nak, a munk\u00e1ltat\u00f3k \u00e9s munkav\u00e1llal\u00f3k helyi szint\u0171 egy\u00fcttm\u0171k\u00f6d\u00e9s\u00e9nek jav\u00edt\u00e1sa, az atipikus foglalkoztat\u00e1si form\u00e1k n\u00e9pszer\u0171s\u00edt\u00e9se \u00e9s helyi ig\u00e9nyekhez val\u00f3 igaz\u00edt\u00e1sa<\/li>\n<li>a mag\u00e1n\u00e9let \u00e9s a munka \u00f6sszehangol\u00e1s\u00e1nak el\u0151mozd\u00edt\u00e1sa, a t\u00e1mogat\u00f3 helyi munkaad\u00f3k, szolg\u00e1ltat\u00f3k \u00e9s a vel\u00fck egy\u00fcttm\u0171k\u00f6d\u0151 k\u00f6z\u00f6ss\u00e9gek m\u0171k\u00f6d\u00e9si felt\u00e9teleinek megteremt\u00e9se,<\/li>\n<li>a n\u0151kkel szembeni t\u00e1rsadalmi \u00e9s gazdas\u00e1gi el\u0151\u00edt\u00e9letek lebont\u00e1sa helyi szeml\u00e9letform\u00e1l\u00f3 eszk\u00f6z\u00f6kkel.<\/li>\n<\/ul>\n<p><b>A Csal\u00e1d \u00e9s KarrierPONT \u00e1ltal ny\u00fajtott szolg\u00e1ltat\u00e1sok:<span class=\"Apple-converted-space\">\u00a0<\/span><\/b><\/p>\n<p>A Csal\u00e1d \u00e9s KarrierPONT sikeres m\u0171k\u00f6d\u00e9s\u00e9nek alapja a helyi sz\u00fcks\u00e9gletekre szabott, magas sz\u00ednvonal\u00fa szakmai tev\u00e9kenys\u00e9g. A Csal\u00e1d \u00e9s KarrierPONT szolg\u00e1ltat\u00e1sai a projekt megval\u00f3s\u00edt\u00e1s id\u0151szak\u00e1ban, 2020. okt\u00f3ber 31-ig\u00a0<i>ingyenesen<\/i>\u00a0vehet\u0151k ig\u00e9nybe.<\/p>\n<ul>\n<li><b>K\u00e9pz\u00e9sek, fejleszt\u00e9si programok<\/b><\/li>\n<\/ul>\n<p>A k\u00e9pz\u00e9sek idej\u00e9re gyermekfel\u00fcgyelet biztos\u00edtunk az arra ig\u00e9nyt tart\u00f3knak!<i><span class=\"Apple-converted-space\">\u00a0<\/span><\/i><\/p>\n<ul>\n<li><b>\u00c1ll\u00e1skeres\u00e9si tan\u00e1csad\u00e1s<\/b>\u00a0\u2013 szak\u00e9rt\u0151ink seg\u00edts\u00e9g\u00e9vel t\u00e1mogatjuk a munkakeres\u0151k \u00e1ll\u00e1sinterj\u00fara val\u00f3 felk\u00e9sz\u00fcl\u00e9s\u00e9t<\/li>\n<\/ul>\n<ul>\n<li><b>Ment\u00e1lhigi\u00e9n\u00e9s tan\u00e1csad\u00e1s<\/b>\u00a0\u2013 t\u00e9r\u00edt\u00e9smentes ment\u00e1lhigi\u00e9n\u00e9s tan\u00e1csad\u00e1st ny\u00fajtunk mindazok sz\u00e1m\u00e1ra, akik eset\u00e9ben felmer\u00fcl a munkav\u00e1llal\u00e1st ellehetetlen\u00edt\u0151 ment\u00e1lhigi\u00e9n\u00e9s probl\u00e9ma megl\u00e9te<\/li>\n<\/ul>\n<ul>\n<li><b>Workshopok, t\u00e1j\u00e9koztat\u00f3 napok<\/b> az atipikus munkav\u00e1llal\u00e1si lehet\u0151s\u00e9gekr\u0151l<\/li>\n<\/ul>\n<p><b>V\u00e1runk minden kedves \u00e9rdekl\u0151d\u0151t a Csal\u00e1d \u00e9s KarrierPONT nyitvatart\u00e1si idej\u00e9ben!<\/b><\/p>\n<p><b>Csal\u00e1d \u00e9s KarrierPONT \u00fcgyf\u00e9lfogad\u00e1si ideje:<\/b><\/p>\n<p><b>H\u00e9tf\u0151<\/b>: 14:00 \u2013 18:00<\/p>\n<p><b>Kedd, Szerda, Cs\u00fct\u00f6rt\u00f6k<\/b>: 12:00 \u2013 16:00<\/p>\n<p><b>P\u00e9ntek<\/b>: 8:00 \u2013 12:00<b><span class=\"Apple-converted-space\">\u00a0<\/span><\/b><\/p>\n","protected":false},"excerpt":{"rendered":"<p>A\u00a0Sz\u00fcl\u0151k H\u00e1za Csal\u00e1d \u00e9s KarrierPONT\u00a0a Gy\u0151r t\u00e9rs\u00e9g\u00e9ben \u00e9l\u0151 n\u0151k munkaer\u0151-piaci helyzet\u00e9nek jav\u00edt\u00e1sa, a csal\u00e1d \u00e9s a munka \u00f6sszeegyeztet\u00e9s\u00e9nek el\u0151mozd\u00edt\u00e1sa, valamint a harmonikus csal\u00e1di \u00e9let felt\u00e9teleinek t\u00e1mogat\u00e1sa \u00e9rdek\u00e9ben j\u00f6tt l\u00e9tre. Egy olyan t\u00e9rs\u00e9gi munkaer\u0151-piaci \u00e1llapot kialak\u00edt\u00e1s\u00e1t t\u0171zte ki c\u00e9lul, amely a helyi megold\u00e1sokra \u00e9s egy\u00fcttm\u0171k\u00f6d\u00e9sekre alapozva hozz\u00e1seg\u00edti a n\u0151ket a munkaer\u0151-piacra val\u00f3 visszat\u00e9r\u00e9sben az atipikus foglalkoztat\u00e1si [&hellip;]<\/p>\n","protected":false},"author":2561,"featured_media":0,"comment_status":"closed","ping_status":"closed","sticky":false,"template":"","format":"standard","meta":{"_seopress_robots_primary_cat":"","_seopress_titles_title":"","_seopress_titles_desc":"","_seopress_robots_index":"","_et_pb_use_builder":"","_et_pb_old_content":"","_et_gb_content_width":"","footnotes":""},"categories":[1],"tags":[],"class_list":["post-6430","post","type-post","status-publish","format-standard","hentry","category-szhgy"],"_links":{"self":[{"href":"https:\/\/szulokhaza.hu\/gyor\/wp-json\/wp\/v2\/posts\/6430","targetHints":{"allow":["GET"]}}],"collection":[{"href":"https:\/\/szulokhaza.hu\/gyor\/wp-json\/wp\/v2\/posts"}],"about":[{"href":"https:\/\/szulokhaza.hu\/gyor\/wp-json\/wp\/v2\/types\/post"}],"author":[{"embeddable":true,"href":"https:\/\/szulokhaza.hu\/gyor\/wp-json\/wp\/v2\/users\/2561"}],"replies":[{"embeddable":true,"href":"https:\/\/szulokhaza.hu\/gyor\/wp-json\/wp\/v2\/comments?post=6430"}],"version-history":[{"count":1,"href":"https:\/\/szulokhaza.hu\/gyor\/wp-json\/wp\/v2\/posts\/6430\/revisions"}],"predecessor-version":[{"id":6431,"href":"https:\/\/szulokhaza.hu\/gyor\/wp-json\/wp\/v2\/posts\/6430\/revisions\/6431"}],"wp:attachment":[{"href":"https:\/\/szulokhaza.hu\/gyor\/wp-json\/wp\/v2\/media?parent=6430"}],"wp:term":[{"taxonomy":"category","embeddable":true,"href":"https:\/\/szulokhaza.hu\/gyor\/wp-json\/wp\/v2\/categories?post=6430"},{"taxonomy":"post_tag","embeddable":true,"href":"https:\/\/szulokhaza.hu\/gyor\/wp-json\/wp\/v2\/tags?post=6430"}],"curies":[{"name":"wp","href":"https:\/\/api.w.org\/{rel}","templated":true}]}}