{"id":8317,"date":"2022-12-08T21:11:38","date_gmt":"2022-12-08T20:11:38","guid":{"rendered":"https:\/\/szulokhaza.hu\/gyor\/?p=8317"},"modified":"2022-12-12T17:21:29","modified_gmt":"2022-12-12T16:21:29","slug":"szulok-haza-adventi-honap","status":"publish","type":"post","link":"https:\/\/szulokhaza.hu\/gyor\/szulok-haza-adventi-honap\/","title":{"rendered":"Sz\u00fcl\u0151k H\u00e1za Adventi H\u00f3nap &#8211; csal\u00e1di programok"},"content":{"rendered":"<p>[et_pb_section fb_built=&#8221;1&#8243; admin_label=&#8221;section&#8221; _builder_version=&#8221;4.16&#8243; global_colors_info=&#8221;{}&#8221;][et_pb_row admin_label=&#8221;row&#8221; _builder_version=&#8221;4.16&#8243; background_size=&#8221;initial&#8221; background_position=&#8221;top_left&#8221; background_repeat=&#8221;repeat&#8221; global_colors_info=&#8221;{}&#8221;][et_pb_column type=&#8221;4_4&#8243; _builder_version=&#8221;4.16&#8243; custom_padding=&#8221;|||&#8221; global_colors_info=&#8221;{}&#8221; custom_padding__hover=&#8221;|||&#8221;][et_pb_text admin_label=&#8221;Text&#8221; _builder_version=&#8221;4.19.2&#8243; background_size=&#8221;initial&#8221; background_position=&#8221;top_left&#8221; background_repeat=&#8221;repeat&#8221; hover_enabled=&#8221;0&#8243; global_colors_info=&#8221;{}&#8221; sticky_enabled=&#8221;0&#8243;]<\/p>\n<p>Az idei \u00e9vben nagyszab\u00e1s\u00fa Sz\u00fcl\u0151k H\u00e1za Adventi H\u00f3nap veszi kezdet\u00e9t egy\u00fcttm\u0171k\u00f6dve a Csal\u00e1dbar\u00e1t Magyarorsz\u00e1ggal. November 15-t\u0151l egy h\u00f3napon kereszt\u00fcl l\u00e9lekmelenget\u0151 ingyenes programokkal \u00e9s rendezv\u00e9nyekkel k\u00e9sz\u00fcl\u00fcnk, hogy sok gyermek \u00e9s csal\u00e1d adventi h\u00f3napj\u00e1t szebb\u00e9 var\u00e1zsoljuk.<\/p>\n<p><strong>A programsorozat f\u0151bb esem\u00e9nyei:<\/strong><\/p>\n<p>Tegy\u00e9lJ\u00f3t! G\u00e1laest \u00e9s Gyermekv\u00e9d\u0151k Napja<\/p>\n<p>Angyalprogram<\/p>\n<p>K\u00e1rp\u00e1tmedencei Csal\u00e1dok Adventi H\u00e9tv\u00e9g\u00e9je<\/p>\n<p>Sz\u00fcl\u0151k H\u00e1za ingyenes Adventi Programsorozat, amelynek keret\u00e9ben koncertekkel, k\u00e9zm\u0171ves\u00a0 foglalkoz\u00e1sokkal, workshopokkal, j\u00e1tsz\u00f3h\u00e1zzal, csal\u00e1di tan\u00e1csad\u00e1ssal, el\u0151ad\u00e1sokkal, fejleszt\u0151 foglalkoz\u00e1sokkal, j\u00f3g\u00e1val \u00e9s m\u00e9g sz\u00e1mtalan ingyenes programmal v\u00e1rjuk a csal\u00e1dokat minden nap 4 helysz\u00ednen:<\/p>\n<p>Sz\u00fcl\u0151k H\u00e1za Gy\u0151r Sz\u00edve<\/p>\n<p>Sz\u00fcl\u0151k H\u00e1za Kelenv\u00f6lgy<\/p>\n<p>Sz\u00fcl\u0151k H\u00e1za Kamaraerd\u0151<\/p>\n<p>Sz\u00fcl\u0151k H\u00e1za Bart\u00f3k Kuck\u00f3<\/p>\n<p>&nbsp;<\/p>\n<p>[\/et_pb_text][\/et_pb_column][\/et_pb_row][\/et_pb_section]<\/p>\n","protected":false},"excerpt":{"rendered":"<p>Az idei \u00e9vben nagyszab\u00e1s\u00fa Sz\u00fcl\u0151k H\u00e1za Adventi H\u00f3nap veszi kezdet\u00e9t egy\u00fcttm\u0171k\u00f6dve a Csal\u00e1dbar\u00e1t Magyarorsz\u00e1ggal. November 15-t\u0151l egy h\u00f3napon kereszt\u00fcl l\u00e9lekmelenget\u0151 ingyenes programokkal \u00e9s rendezv\u00e9nyekkel k\u00e9sz\u00fcl\u00fcnk, hogy sok gyermek \u00e9s csal\u00e1d adventi h\u00f3napj\u00e1t szebb\u00e9 var\u00e1zsoljuk. A programsorozat f\u0151bb esem\u00e9nyei: Tegy\u00e9lJ\u00f3t! G\u00e1laest \u00e9s Gyermekv\u00e9d\u0151k Napja Angyalprogram K\u00e1rp\u00e1tmedencei Csal\u00e1dok Adventi H\u00e9tv\u00e9g\u00e9je Sz\u00fcl\u0151k H\u00e1za ingyenes Adventi Programsorozat, amelynek keret\u00e9ben [&hellip;]<\/p>\n","protected":false},"author":2589,"featured_media":8324,"comment_status":"closed","ping_status":"closed","sticky":false,"template":"","format":"standard","meta":{"_seopress_robots_primary_cat":"none","_seopress_titles_title":"","_seopress_titles_desc":"","_seopress_robots_index":"","_et_pb_use_builder":"on","_et_pb_old_content":"Az al\u00e1bbi programokkal v\u00e1runk szeretettel december 5-11-ig, jelentkezni a szulokhazagyor@szulokhaza.hu email c\u00edmen lehet.\r\n\r\n<a href=\"https:\/\/szulokhaza.hu\/gyor\/wp-content\/uploads\/2022\/12\/gyordec5.png\"><img class=\"alignnone size-medium wp-image-8316\" src=\"https:\/\/szulokhaza.hu\/gyor\/wp-content\/uploads\/2022\/12\/gyordec5-300x169.png\" alt=\"\" width=\"300\" height=\"169\" \/><\/a>","_et_gb_content_width":"","footnotes":""},"categories":[43,1],"tags":[],"class_list":["post-8317","post","type-post","status-publish","format-standard","has-post-thumbnail","hentry","category-hirek","category-szhgy"],"_links":{"self":[{"href":"https:\/\/szulokhaza.hu\/gyor\/wp-json\/wp\/v2\/posts\/8317","targetHints":{"allow":["GET"]}}],"collection":[{"href":"https:\/\/szulokhaza.hu\/gyor\/wp-json\/wp\/v2\/posts"}],"about":[{"href":"https:\/\/szulokhaza.hu\/gyor\/wp-json\/wp\/v2\/types\/post"}],"author":[{"embeddable":true,"href":"https:\/\/szulokhaza.hu\/gyor\/wp-json\/wp\/v2\/users\/2589"}],"replies":[{"embeddable":true,"href":"https:\/\/szulokhaza.hu\/gyor\/wp-json\/wp\/v2\/comments?post=8317"}],"version-history":[{"count":6,"href":"https:\/\/szulokhaza.hu\/gyor\/wp-json\/wp\/v2\/posts\/8317\/revisions"}],"predecessor-version":[{"id":8328,"href":"https:\/\/szulokhaza.hu\/gyor\/wp-json\/wp\/v2\/posts\/8317\/revisions\/8328"}],"wp:featuredmedia":[{"embeddable":true,"href":"https:\/\/szulokhaza.hu\/gyor\/wp-json\/wp\/v2\/media\/8324"}],"wp:attachment":[{"href":"https:\/\/szulokhaza.hu\/gyor\/wp-json\/wp\/v2\/media?parent=8317"}],"wp:term":[{"taxonomy":"category","embeddable":true,"href":"https:\/\/szulokhaza.hu\/gyor\/wp-json\/wp\/v2\/categories?post=8317"},{"taxonomy":"post_tag","embeddable":true,"href":"https:\/\/szulokhaza.hu\/gyor\/wp-json\/wp\/v2\/tags?post=8317"}],"curies":[{"name":"wp","href":"https:\/\/api.w.org\/{rel}","templated":true}]}}