{"id":8332,"date":"2022-09-08T16:58:39","date_gmt":"2022-09-08T14:58:39","guid":{"rendered":"https:\/\/szulokhaza.hu\/gyor\/?p=8332"},"modified":"2023-01-20T17:17:31","modified_gmt":"2023-01-20T16:17:31","slug":"csaladi-foglalkozasok","status":"publish","type":"post","link":"https:\/\/szulokhaza.hu\/gyor\/csaladi-foglalkozasok\/","title":{"rendered":"Csal\u00e1di foglalkoz\u00e1sok"},"content":{"rendered":"<p>[et_pb_section fb_built=&#8221;1&#8243; _builder_version=&#8221;4.19.4&#8243; _module_preset=&#8221;default&#8221; global_colors_info=&#8221;{}&#8221;][et_pb_row _builder_version=&#8221;4.19.4&#8243; _module_preset=&#8221;default&#8221; global_colors_info=&#8221;{}&#8221;][et_pb_column type=&#8221;4_4&#8243; _builder_version=&#8221;4.19.4&#8243; _module_preset=&#8221;default&#8221; global_colors_info=&#8221;{}&#8221;][et_pb_text _builder_version=&#8221;4.19.4&#8243; _module_preset=&#8221;default&#8221; global_colors_info=&#8221;{}&#8221;]<\/p>\n<div class=\"et_pb_row et_pb_row_0\">\n<div class=\"et_pb_column et_pb_column_4_4 et_pb_column_0  et_pb_css_mix_blend_mode_passthrough et-last-child\">\n<div class=\"et_pb_module et_pb_text et_pb_text_0  et_pb_text_align_left et_pb_bg_layout_light\">\n<div class=\"et_pb_text_inner\">\n<p><strong>Az \u00e9rzelmi intelligencia fejleszt\u00e9s, csal\u00e1dd\u00e1 alakul\u00e1s t\u00e1mogat\u00e1sa pici korban elengedhetetlen!<\/strong><\/p>\n<p>A Sz\u00fcl\u0151k H\u00e1za Csal\u00e1d saj\u00e1t fejleszt\u00e9s\u0171 foglalkoz\u00e1sait:\u00a0<strong>Minimuzsika<\/strong>,\u00a0<strong>Izg\u0151-mozg\u00f3 torna<\/strong>\u00a0\u00e9s a\u00a0<strong>Minim\u0171v\u00e9sz<\/strong>\u00a0erre tal\u00e1ltuk ki, amelyben egy\u00fcttesen t\u00e1mogatjuk a csal\u00e1dd\u00e1 alakul\u00e1st \u00e9s a gyermek \u00e9rzelmi fejl\u0151d\u00e9s\u00e9nek el\u0151mozdul\u00e1s\u00e1t.<\/p>\n<p>N\u00e9zz\u00fck, miben m\u00e1sok\u00a0 ezek, mint a legt\u00f6bb gyermekfoglalkoz\u00e1s?<\/p>\n<p>A legfontosabb, hogy mi a Sz\u00fcl\u0151k H\u00e1za Csal\u00e1dban ezekkel a programokkal a gyermekek \u00e9rzelmi intelligenci\u00e1j\u00e1t fejlesztj\u00fck, mert \u00fagy gondoljuk, a csal\u00e1dalap\u00edt\u00e1s korai szakasz\u00e1ban els\u0151sorban \u00e9rzelmileg kell meg\u00e9rni, nem tudatilag. Ezt seg\u00edtik ezek a foglalkoz\u00e1sok azon a nyelven, amit a kisgyermekek \u00e9rtenek; zene, mozg\u00e1s, b\u00fctyk\u00f6lget\u00e9s.<\/p>\n<\/div>\n<\/div>\n<\/div>\n<\/div>\n<div class=\"et_pb_row et_pb_row_1\">\n<div class=\"et_pb_column et_pb_column_4_4 et_pb_column_1  et_pb_css_mix_blend_mode_passthrough et-last-child\">\n<div class=\"et_pb_module et_pb_text et_pb_text_1  et_pb_text_align_left et_pb_bg_layout_light\">\n<div class=\"et_pb_text_inner\">\n<p>A foglalkoz\u00e1sok gy\u00f6kere egy, az \u00e9letkornak megfelel\u0151 saj\u00e1tos dramatikus j\u00e1t\u00e9k, amelyben mindig egy t\u00f6rt\u00e9net bontakozik ki \u00e9s az ismert mond\u00f3k\u00e1k mellett minden alkalommal egy \u00faj mond\u00f3ka, hangszer megismer\u00e9s\u00e9re ker\u00fcl sor. A mes\u00e9k \u00e9s a k\u00e9pzelet vil\u00e1g\u00e1val val\u00f3 ismerked\u00e9s a gyermekek befogad\u00f3 k\u00e9pess\u00e9g\u00e9nek aktivit\u00e1s\u00e1t \u00e9s n\u00f6vel\u00e9s\u00e9t biztos\u00edtja. A k\u00fcl\u00f6nb\u00f6z\u0151 fant\u00e1ziaj\u00e1t\u00e9kok sor\u00e1n a gyerekek mond\u00f3k\u00e1kat, klasszikus gyermekverseket ritmikus mozg\u00e1s k\u00eds\u00e9ret\u00e9ben mondogatnak, amelyeket ig\u00e9nyes zen\u00e9vel \u00f6tv\u00f6z\u00fcnk \u00e9s k\u00f6zben mozgunk, \u00e9nekl\u00fcnk.<\/p>\n<\/div>\n<\/div>\n<\/div>\n<\/div>\n<p>[\/et_pb_text][\/et_pb_column][\/et_pb_row][et_pb_row column_structure=&#8221;1_4,1_4,1_4,1_4&#8243; _builder_version=&#8221;4.19.4&#8243; _module_preset=&#8221;default&#8221; global_colors_info=&#8221;{}&#8221;][et_pb_column type=&#8221;1_4&#8243; _builder_version=&#8221;4.19.4&#8243; _module_preset=&#8221;default&#8221; global_colors_info=&#8221;{}&#8221;][et_pb_image src=&#8221;https:\/\/szulokhaza.hu\/gyor\/wp-content\/uploads\/2022\/09\/120611832_3836952489666336_6953561152629452600_n.jpg&#8221; title_text=&#8221;120611832_3836952489666336_6953561152629452600_n&#8221; _builder_version=&#8221;4.19.4&#8243; _module_preset=&#8221;default&#8221; global_colors_info=&#8221;{}&#8221;][\/et_pb_image][\/et_pb_column][et_pb_column type=&#8221;1_4&#8243; _builder_version=&#8221;4.19.4&#8243; _module_preset=&#8221;default&#8221; global_colors_info=&#8221;{}&#8221;][et_pb_image src=&#8221;https:\/\/szulokhaza.hu\/gyor\/wp-content\/uploads\/2022\/09\/119136759_3768685719826347_471628663732633725_n.jpg&#8221; title_text=&#8221;119136759_3768685719826347_471628663732633725_n&#8221; _builder_version=&#8221;4.19.4&#8243; _module_preset=&#8221;default&#8221; global_colors_info=&#8221;{}&#8221;][\/et_pb_image][\/et_pb_column][et_pb_column type=&#8221;1_4&#8243; _builder_version=&#8221;4.19.4&#8243; _module_preset=&#8221;default&#8221; global_colors_info=&#8221;{}&#8221;][et_pb_image src=&#8221;https:\/\/szulokhaza.hu\/gyor\/wp-content\/uploads\/2022\/09\/277783305_1112192222683200_1734867653519338818_n.jpg&#8221; title_text=&#8221;277783305_1112192222683200_1734867653519338818_n&#8221; _builder_version=&#8221;4.19.4&#8243; _module_preset=&#8221;default&#8221; global_colors_info=&#8221;{}&#8221;][\/et_pb_image][\/et_pb_column][et_pb_column type=&#8221;1_4&#8243; _builder_version=&#8221;4.19.4&#8243; _module_preset=&#8221;default&#8221; global_colors_info=&#8221;{}&#8221;][et_pb_image src=&#8221;https:\/\/szulokhaza.hu\/gyor\/wp-content\/uploads\/2022\/09\/119229928_3768685869826332_7071426216329188602_n.jpg&#8221; title_text=&#8221;119229928_3768685869826332_7071426216329188602_n&#8221; _builder_version=&#8221;4.19.4&#8243; _module_preset=&#8221;default&#8221; global_colors_info=&#8221;{}&#8221;][\/et_pb_image][\/et_pb_column][\/et_pb_row][et_pb_row column_structure=&#8221;2_3,1_3&#8243; _builder_version=&#8221;4.19.4&#8243; _module_preset=&#8221;default&#8221; global_colors_info=&#8221;{}&#8221;][et_pb_column type=&#8221;2_3&#8243; _builder_version=&#8221;4.19.4&#8243; _module_preset=&#8221;default&#8221; global_colors_info=&#8221;{}&#8221;][et_pb_text _builder_version=&#8221;4.19.4&#8243; _module_preset=&#8221;default&#8221; global_colors_info=&#8221;{}&#8221;]<\/p>\n<p>A Minimuzsika a gyermekek kifejez\u0151 k\u00e9pess\u00e9g\u00e9re \u00e9s besz\u00e9dk\u00e9szs\u00e9g\u00e9re egy\u00fcttesen hat \u00e9s ezzel egy\u00fctt a fejl\u0151d\u0151 szervezet zenei \u00e9s ritmusos \u00e9rz\u00e9k\u00e9nek megalapoz\u00e1s\u00e1ra haszn\u00e1lhat\u00f3 t\u00f6k\u00e9letes eszk\u00f6z. Az \u00f6nkifejez\u0151 \u00e9s zenei k\u00e9szs\u00e9gek alapoz\u00e1s\u00e1n, el\u0151h\u00edv\u00e1s\u00e1n t\u00fal a program f\u0151 c\u00e9lja az egy\u00fctt \u00e9nekl\u00e9s, az egy\u00fctt mozg\u00e1s \u00f6r\u00f6m\u00e9nek meg\u00e9l\u00e9se, a sz\u00fcl\u0151 \u00e9s a gyermek k\u00f6z\u00f6sen elt\u00f6lt\u00f6tt j\u00e1t\u00e9k ideje. C\u00e9lcsoport: 6 h\u00f3napos k\u00f3rt\u00f3l 4 \u00e9ves korig.<\/p>\n<p>[\/et_pb_text][\/et_pb_column][et_pb_column type=&#8221;1_3&#8243; _builder_version=&#8221;4.19.4&#8243; _module_preset=&#8221;default&#8221; global_colors_info=&#8221;{}&#8221;][et_pb_image src=&#8221;https:\/\/szulokhaza.hu\/gyor\/wp-content\/uploads\/2022\/09\/Minimuzsika.png&#8221; title_text=&#8221;Minimuzsika&#8221; _builder_version=&#8221;4.19.4&#8243; _module_preset=&#8221;default&#8221; global_colors_info=&#8221;{}&#8221;][\/et_pb_image][\/et_pb_column][\/et_pb_row][et_pb_row column_structure=&#8221;2_3,1_3&#8243; _builder_version=&#8221;4.19.4&#8243; _module_preset=&#8221;default&#8221; global_colors_info=&#8221;{}&#8221;][et_pb_column type=&#8221;2_3&#8243; _builder_version=&#8221;4.19.4&#8243; _module_preset=&#8221;default&#8221; global_colors_info=&#8221;{}&#8221;][et_pb_text _builder_version=&#8221;4.19.4&#8243; _module_preset=&#8221;default&#8221; global_colors_info=&#8221;{}&#8221;]<\/p>\n<p>Az izg\u0151-mozg\u00f3 torn\u00e1n a tests\u00e9ma \u00e9s a mozg\u00e1skoordin\u00e1ci\u00f3 fejleszt\u00e9se \u00e1ll a k\u00f6z\u00e9ppontban, amellett, hogy a sz\u00fcl\u0151 a gyermek\u00e9vel min\u0151s\u00e9gi, hasznos id\u0151t t\u00f6lt egy\u00fctt egy befogad\u00f3 k\u00f6z\u00f6ss\u00e9gben. A torna \u00e1llatokr\u00f3l, term\u00e9szetr\u0151l, k\u00fcl\u00f6nb\u00f6z\u0151 tev\u00e9kenys\u00e9gekr\u0151l sz\u00f3l\u00f3 t\u00f6rt\u00e9netek elj\u00e1tsz\u00e1sa sor\u00e1n, egyszerre fejleszti a k\u00e9pzeletet, az izomt\u00f3nust, er\u0151s\u00edti a v\u00e1zizomzatot, jav\u00edtja a testtart\u00e1st, el\u0151k\u00e9sz\u00edtve a k\u00e9s\u0151bbi olvas\u00e1s-, \u00edr\u00e1s k\u00e9szs\u00e9g kialakul\u00e1s\u00e1t. C\u00e9lcsoport: 2 \u00e9ves kort\u00f3l 4 \u00e9ves korig.<\/p>\n<p>[\/et_pb_text][\/et_pb_column][et_pb_column type=&#8221;1_3&#8243; _builder_version=&#8221;4.19.4&#8243; _module_preset=&#8221;default&#8221; global_colors_info=&#8221;{}&#8221;][et_pb_image src=&#8221;https:\/\/szulokhaza.hu\/gyor\/wp-content\/uploads\/2022\/09\/Izgo-mozgo-torna.png&#8221; title_text=&#8221;Izg\u0151-mozg\u00f3 torna&#8221; _builder_version=&#8221;4.19.4&#8243; _module_preset=&#8221;default&#8221; global_colors_info=&#8221;{}&#8221;][\/et_pb_image][\/et_pb_column][\/et_pb_row][et_pb_row column_structure=&#8221;2_3,1_3&#8243; _builder_version=&#8221;4.19.4&#8243; _module_preset=&#8221;default&#8221; global_colors_info=&#8221;{}&#8221;][et_pb_column type=&#8221;2_3&#8243; _builder_version=&#8221;4.19.4&#8243; _module_preset=&#8221;default&#8221; global_colors_info=&#8221;{}&#8221;][et_pb_text _builder_version=&#8221;4.19.4&#8243; _module_preset=&#8221;default&#8221; global_colors_info=&#8221;{}&#8221;]<\/p>\n<p>A Minim\u0171v\u00e9sz egy kreat\u00edv k\u00e9zm\u0171ves foglalkoz\u00e1s b\u00f6lcsis koroszt\u00e1lynak, ahol k\u00fcl\u00f6nb\u00f6z\u0151 technik\u00e1kat pr\u00f3b\u00e1lhatnak ki a gyerekek. Remek alkalom arra, hogy a gyermek megtapasztalhassa a szabad alkot\u00e1s \u00f6r\u00f6m\u00e9t, kibontakoztathatja kreat\u00edv gondolkod\u00e1s\u00e1t \u00e9s a sz\u00fcl\u0151k csatlakoz\u00e1s\u00e1val, a k\u00f6z\u00f6s aj\u00e1nd\u00e9k k\u00e9sz\u00edt\u00e9s\u00e9nek \u00f6r\u00f6m\u00e9t. A program t\u00f6bbek k\u00f6z\u00f6tt fejleszti a finommotorik\u00e1t, a szem-, k\u00e9z koordin\u00e1ci\u00f3t \u00e9s a probl\u00e9mamegold\u00f3 k\u00e9pess\u00e9get. C\u00e9lcsoport: 1,5 \u00e9ves kort\u00f3l 4 \u00e9ves korig.<\/p>\n<p>[\/et_pb_text][\/et_pb_column][et_pb_column type=&#8221;1_3&#8243; _builder_version=&#8221;4.19.4&#8243; _module_preset=&#8221;default&#8221; global_colors_info=&#8221;{}&#8221;][et_pb_image src=&#8221;https:\/\/szulokhaza.hu\/gyor\/wp-content\/uploads\/2022\/09\/Minimuvesz.png&#8221; title_text=&#8221;Minim\u0171v\u00e9sz&#8221; _builder_version=&#8221;4.19.4&#8243; _module_preset=&#8221;default&#8221; global_colors_info=&#8221;{}&#8221;][\/et_pb_image][\/et_pb_column][\/et_pb_row][et_pb_row _builder_version=&#8221;4.19.4&#8243; _module_preset=&#8221;default&#8221; global_colors_info=&#8221;{}&#8221;][et_pb_column type=&#8221;4_4&#8243; _builder_version=&#8221;4.19.4&#8243; _module_preset=&#8221;default&#8221; global_colors_info=&#8221;{}&#8221;][et_pb_text _builder_version=&#8221;4.19.4&#8243; _module_preset=&#8221;default&#8221; global_colors_info=&#8221;{}&#8221;]<\/p>\n<p>Ezek a saj\u00e1t fejleszt\u00e9s\u0171 m\u00f3dszerek seg\u00edts\u00e9get ny\u00fajtanak a gyermekek t\u00e1gabb k\u00f6rnyezetbe val\u00f3 beilleszked\u00e9s\u00e9hez, a zenei \u00e9lm\u00e9nyek feldolgoz\u00e1s\u00e1hoz \u00e9s ezzel egy\u00fctt a gyermek \u00e9s a sz\u00fcl\u0151 \u00e1ltal elt\u00f6lt\u00f6tt k\u00f6z\u00f6s min\u0151s\u00e9gi id\u0151 elt\u00f6lt\u00e9shez. Fontos, hogy a sz\u00fcl\u0151 \u00e9s gyermeke k\u00f6z\u00f6ss\u00e9gbe j\u00e1rjanak \u00e9s egy csoport tagjai lehessenek.<\/p>\n<p>[\/et_pb_text][\/et_pb_column][\/et_pb_row][et_pb_row column_structure=&#8221;2_5,3_5&#8243; _builder_version=&#8221;4.19.4&#8243; _module_preset=&#8221;default&#8221; global_colors_info=&#8221;{}&#8221;][et_pb_column type=&#8221;2_5&#8243; _builder_version=&#8221;4.19.4&#8243; _module_preset=&#8221;default&#8221; global_colors_info=&#8221;{}&#8221;][et_pb_image src=&#8221;https:\/\/szulokhaza.hu\/gyor\/wp-content\/uploads\/2022\/09\/Bisztricsany-Linda.jpg.jpg&#8221; title_text=&#8221;Bisztricsany&#8211;Linda.jpg&#8221; _builder_version=&#8221;4.19.4&#8243; _module_preset=&#8221;default&#8221; global_colors_info=&#8221;{}&#8221;][\/et_pb_image][\/et_pb_column][et_pb_column type=&#8221;3_5&#8243; _builder_version=&#8221;4.19.4&#8243; _module_preset=&#8221;default&#8221; global_colors_info=&#8221;{}&#8221;][et_pb_text _builder_version=&#8221;4.19.4&#8243; _module_preset=&#8221;default&#8221; global_colors_info=&#8221;{}&#8221;]<\/p>\n<p>A foglalkoz\u00e1sok vezet\u0151je\u00a0<strong>Bisztrics\u00e1ny Linda<\/strong>, aki m\u00e1r 20 \u00e9ve tart dr\u00e1mafoglalkoz\u00e1sokat gyerekeknek f\u00e9l \u00e9ves kort\u00f3l eg\u00e9szen a gimnazista koroszt\u00e1lyig. P\u00e1lyakezd\u0151k\u00e9nt\u00a0 a Sz\u00fcl\u0151k H\u00e1za Csal\u00e1dban kezdett el gyerekekkel foglalkozni \u00e9s az\u00f3ta is a Sz\u00fcl\u0151k H\u00e1za Csal\u00e1d b\u00f6lcs\u0151d\u00e9inek munkat\u00e1rsa. Linda \u00f3vodapedag\u00f3gia szakon v\u00e9gzett, majd t\u00f6bb dr\u00e1mapedag\u00f3gus k\u00e9pz\u00e9ssel b\u0151v\u00edtette kvalit\u00e1sait, ezen k\u00edv\u00fcl 10 \u00e9vet az Apr\u00f3 Sz\u00ednh\u00e1z T\u00e1rsulatban j\u00e1tszott, jelenleg \u00a0a Cheeky Vil\u00e1gzenei k\u00f3rusban \u00e9nekel, akt\u00edv k\u00fcls\u0151 munkat\u00e1rsa a Nyitott K\u00f6r Sz\u00ednh\u00e1zi Nevel\u00e9si T\u00e1rsulatnak \u00e9s j\u00e1tszik afrikai dobokon is. Ezt a soksz\u00edn\u0171 \u00e9s sz\u00ednes vil\u00e1got igyekszik Linda belevinni a foglalkoz\u00e1saiba is, hogy min\u00e9l sz\u00ednesebbek \u00e9s izgalmasabbak legyenek.<\/p>\n<p>[\/et_pb_text][\/et_pb_column][\/et_pb_row][et_pb_row _builder_version=&#8221;4.19.4&#8243; _module_preset=&#8221;default&#8221; global_colors_info=&#8221;{}&#8221;][et_pb_column type=&#8221;4_4&#8243; _builder_version=&#8221;4.19.4&#8243; _module_preset=&#8221;default&#8221; global_colors_info=&#8221;{}&#8221;][et_pb_text _builder_version=&#8221;4.19.4&#8243; _module_preset=&#8221;default&#8221; global_colors_info=&#8221;{}&#8221;]<\/p>\n<p>A Sz\u00fcl\u0151k H\u00e1za Csal\u00e1d b\u00f6lcs\u0151d\u00e9iben a Minimuzsika, az Izg\u0151-mozg\u00f3 torna \u00e9s a Minim\u0171v\u00e9sz foglalkoz\u00e1sok v\u00e1rnak a gyermekekre, d\u00e9lut\u00e1nonk\u00e9nt pedig szeretettel v\u00e1runk minden \u00e9rdekl\u0151d\u0151 sz\u00fcl\u0151t gyermek\u00e9vel, hogy megismerkedjen vel\u00fcnk \u00e9s bekapcsol\u00f3dhasson a napk\u00f6zbeni programjainkba. Szeretn\u00e9nk b\u00edztatni minden sz\u00fcl\u0151t, hogy l\u00e1togassanak el valamelyik b\u00f6lcs\u0151d\u00e9nkbe, hiszen tudjuk, mekkora sz\u00fcks\u00e9g van a kezdeti id\u0151szakban a t\u00e1mogat\u00e1sra. A\u00a0 Sz\u00fcl\u0151k H\u00e1za Csal\u00e1d jelmondata pedig a \u201e<strong>Csal\u00e1dokb\u00f3l k\u00f6z\u00f6ss\u00e9get alkotunk<\/strong>\u201d, szerint\u00fcnk itt a helyed!<\/p>\n<p>[\/et_pb_text][\/et_pb_column][\/et_pb_row][et_pb_row column_structure=&#8221;1_4,1_4,1_4,1_4&#8243; _builder_version=&#8221;4.19.4&#8243; _module_preset=&#8221;default&#8221; global_colors_info=&#8221;{}&#8221;][et_pb_column type=&#8221;1_4&#8243; _builder_version=&#8221;4.19.4&#8243; _module_preset=&#8221;default&#8221; global_colors_info=&#8221;{}&#8221;][et_pb_image src=&#8221;https:\/\/szulokhaza.hu\/gyor\/wp-content\/uploads\/2022\/09\/283699780_425988449517702_1357150806168101387_n.jpg&#8221; title_text=&#8221;283699780_425988449517702_1357150806168101387_n&#8221; _builder_version=&#8221;4.19.4&#8243; _module_preset=&#8221;default&#8221; global_colors_info=&#8221;{}&#8221;][\/et_pb_image][\/et_pb_column][et_pb_column type=&#8221;1_4&#8243; _builder_version=&#8221;4.19.4&#8243; _module_preset=&#8221;default&#8221; global_colors_info=&#8221;{}&#8221;][et_pb_image src=&#8221;https:\/\/szulokhaza.hu\/gyor\/wp-content\/uploads\/2022\/09\/12.jpg&#8221; title_text=&#8221;12&#8243; _builder_version=&#8221;4.19.4&#8243; _module_preset=&#8221;default&#8221; global_colors_info=&#8221;{}&#8221;][\/et_pb_image][\/et_pb_column][et_pb_column type=&#8221;1_4&#8243; _builder_version=&#8221;4.19.4&#8243; _module_preset=&#8221;default&#8221; global_colors_info=&#8221;{}&#8221;][et_pb_image src=&#8221;https:\/\/szulokhaza.hu\/gyor\/wp-content\/uploads\/2022\/09\/122551334_3896721340356117_8993862009688961025_n.jpg&#8221; title_text=&#8221;122551334_3896721340356117_8993862009688961025_n&#8221; _builder_version=&#8221;4.19.4&#8243; _module_preset=&#8221;default&#8221; global_colors_info=&#8221;{}&#8221;][\/et_pb_image][\/et_pb_column][et_pb_column type=&#8221;1_4&#8243; _builder_version=&#8221;4.19.4&#8243; _module_preset=&#8221;default&#8221; global_colors_info=&#8221;{}&#8221;][et_pb_image src=&#8221;https:\/\/szulokhaza.hu\/gyor\/wp-content\/uploads\/2022\/09\/282758609_425988516184362_4671319354072733395_n.jpg&#8221; title_text=&#8221;282758609_425988516184362_4671319354072733395_n&#8221; _builder_version=&#8221;4.19.4&#8243; _module_preset=&#8221;default&#8221; global_colors_info=&#8221;{}&#8221;][\/et_pb_image][\/et_pb_column][\/et_pb_row][\/et_pb_section]<\/p>\n","protected":false},"excerpt":{"rendered":"<p>Az \u00e9rzelmi intelligencia fejleszt\u00e9s, csal\u00e1dd\u00e1 alakul\u00e1s t\u00e1mogat\u00e1sa pici korban elengedhetetlen! A Sz\u00fcl\u0151k H\u00e1za Csal\u00e1d saj\u00e1t fejleszt\u00e9s\u0171 foglalkoz\u00e1sait:\u00a0Minimuzsika,\u00a0Izg\u0151-mozg\u00f3 torna\u00a0\u00e9s a\u00a0Minim\u0171v\u00e9sz\u00a0erre tal\u00e1ltuk ki, amelyben egy\u00fcttesen t\u00e1mogatjuk a csal\u00e1dd\u00e1 alakul\u00e1st \u00e9s a gyermek \u00e9rzelmi fejl\u0151d\u00e9s\u00e9nek el\u0151mozdul\u00e1s\u00e1t. N\u00e9zz\u00fck, miben m\u00e1sok\u00a0 ezek, mint a legt\u00f6bb gyermekfoglalkoz\u00e1s? A legfontosabb, hogy mi a Sz\u00fcl\u0151k H\u00e1za Csal\u00e1dban ezekkel a programokkal a gyermekek \u00e9rzelmi [&hellip;]<\/p>\n","protected":false},"author":2589,"featured_media":8336,"comment_status":"closed","ping_status":"closed","sticky":false,"template":"","format":"standard","meta":{"_seopress_robots_primary_cat":"none","_seopress_titles_title":"Csal\u00e1di foglalkoz\u00e1sok","_seopress_titles_desc":"","_seopress_robots_index":"","_et_pb_use_builder":"on","_et_pb_old_content":"","_et_gb_content_width":"","footnotes":""},"categories":[43,1],"tags":[57,58],"class_list":["post-8332","post","type-post","status-publish","format-standard","has-post-thumbnail","hentry","category-hirek","category-szhgy","tag-csaladi-foglalkozasok","tag-szulok-haza-csalad-csaladi-bolcsode-halozat"],"_links":{"self":[{"href":"https:\/\/szulokhaza.hu\/gyor\/wp-json\/wp\/v2\/posts\/8332","targetHints":{"allow":["GET"]}}],"collection":[{"href":"https:\/\/szulokhaza.hu\/gyor\/wp-json\/wp\/v2\/posts"}],"about":[{"href":"https:\/\/szulokhaza.hu\/gyor\/wp-json\/wp\/v2\/types\/post"}],"author":[{"embeddable":true,"href":"https:\/\/szulokhaza.hu\/gyor\/wp-json\/wp\/v2\/users\/2589"}],"replies":[{"embeddable":true,"href":"https:\/\/szulokhaza.hu\/gyor\/wp-json\/wp\/v2\/comments?post=8332"}],"version-history":[{"count":6,"href":"https:\/\/szulokhaza.hu\/gyor\/wp-json\/wp\/v2\/posts\/8332\/revisions"}],"predecessor-version":[{"id":8357,"href":"https:\/\/szulokhaza.hu\/gyor\/wp-json\/wp\/v2\/posts\/8332\/revisions\/8357"}],"wp:featuredmedia":[{"embeddable":true,"href":"https:\/\/szulokhaza.hu\/gyor\/wp-json\/wp\/v2\/media\/8336"}],"wp:attachment":[{"href":"https:\/\/szulokhaza.hu\/gyor\/wp-json\/wp\/v2\/media?parent=8332"}],"wp:term":[{"taxonomy":"category","embeddable":true,"href":"https:\/\/szulokhaza.hu\/gyor\/wp-json\/wp\/v2\/categories?post=8332"},{"taxonomy":"post_tag","embeddable":true,"href":"https:\/\/szulokhaza.hu\/gyor\/wp-json\/wp\/v2\/tags?post=8332"}],"curies":[{"name":"wp","href":"https:\/\/api.w.org\/{rel}","templated":true}]}}