{"id":8432,"date":"2023-05-26T15:18:39","date_gmt":"2023-05-26T13:18:39","guid":{"rendered":"https:\/\/szulokhaza.hu\/gyor\/?p=8432"},"modified":"2023-05-26T20:37:15","modified_gmt":"2023-05-26T18:37:15","slug":"unnepeljuk-egyutt-a-szulok-vilagnapjat","status":"publish","type":"post","link":"https:\/\/szulokhaza.hu\/gyor\/unnepeljuk-egyutt-a-szulok-vilagnapjat\/","title":{"rendered":"\u00dcnnepelj\u00fck egy\u00fctt a Sz\u00fcl\u0151k Vil\u00e1gnapj\u00e1t!"},"content":{"rendered":"<p>J\u00fanius 1-je a Sz\u00fcl\u0151k Nemzetk\u00f6zi Napja, amelyet 2016 \u00f3ta a Sz\u00fcl\u0151k H\u00e1za K\u00f6zhaszn\u00fa Alap\u00edtv\u00e1ny kezdem\u00e9nyez\u00e9s\u00e9re \u00fcnnepelj\u00fck Magyarorsz\u00e1gon is.<\/p>\n<p>Az\u00f3ta minden \u00e9vben ingyenes programokkal v\u00e1rjuk a sz\u00fcl\u0151ket, elismerve ezzel az any\u00e1k \u00e9s ap\u00e1k nem l\u00e1tv\u00e1nyos, m\u00e9gis sokszor embert pr\u00f3b\u00e1l\u00f3 munk\u00e1j\u00e1t, amelyet nap, mint nap v\u00e9geznek a gyerekeik\u00e9rt \u00e9s a csal\u00e1djuk\u00e9rt!<\/p>\n<p>Gyertek \u00e9s laz\u00edtsatok n\u00e1lunk, mik\u00f6zben gyermekeitekkel fantasztikus kisgyermeknevel\u0151ink j\u00e1tszanak!<\/p>\n<p>Programok:<\/p>\n<p>15:00-18:00 Sminktan\u00e1csad\u00e1s, sz\u00e9ps\u00e9g\u00e1pol\u00e1s<\/p>\n<p>15:00-18:00 Massz\u00e1zs<\/p>\n<p>16:00 \u00f3r\u00e1t\u00f3l &#8222;NapiMami&#8221; Reg\u0151s Judit, a Sz\u00fcl\u0151k H\u00e1za Csal\u00e1di K\u00f6zpont \u00e9s Csal\u00e1di B\u00f6lcs\u0151de H\u00e1l\u00f3zat alap\u00edt\u00f3j\u00e1nak sz\u00fcl\u0151vid\u00e1m\u00edt\u00f3 el\u0151ad\u00e1sa<\/p>\n<p>A program ingyenes, de regisztr\u00e1ci\u00f3hoz k\u00f6t\u00f6tt: szulokhazagyor@szulokhaza.hu<\/p>\n","protected":false},"excerpt":{"rendered":"<p>J\u00fanius 1-je a Sz\u00fcl\u0151k Nemzetk\u00f6zi Napja, amelyet 2016 \u00f3ta a Sz\u00fcl\u0151k H\u00e1za K\u00f6zhaszn\u00fa Alap\u00edtv\u00e1ny kezdem\u00e9nyez\u00e9s\u00e9re \u00fcnnepelj\u00fck Magyarorsz\u00e1gon is. Az\u00f3ta minden \u00e9vben ingyenes programokkal v\u00e1rjuk a sz\u00fcl\u0151ket, elismerve ezzel az any\u00e1k \u00e9s ap\u00e1k nem l\u00e1tv\u00e1nyos, m\u00e9gis sokszor embert pr\u00f3b\u00e1l\u00f3 munk\u00e1j\u00e1t, amelyet nap, mint nap v\u00e9geznek a gyerekeik\u00e9rt \u00e9s a csal\u00e1djuk\u00e9rt! Gyertek \u00e9s laz\u00edtsatok n\u00e1lunk, mik\u00f6zben gyermekeitekkel [&hellip;]<\/p>\n","protected":false},"author":2589,"featured_media":8444,"comment_status":"closed","ping_status":"closed","sticky":false,"template":"","format":"standard","meta":{"_seopress_robots_primary_cat":"none","_seopress_titles_title":"","_seopress_titles_desc":"","_seopress_robots_index":"","_et_pb_use_builder":"","_et_pb_old_content":"","_et_gb_content_width":"","footnotes":""},"categories":[43],"tags":[],"class_list":["post-8432","post","type-post","status-publish","format-standard","has-post-thumbnail","hentry","category-hirek"],"_links":{"self":[{"href":"https:\/\/szulokhaza.hu\/gyor\/wp-json\/wp\/v2\/posts\/8432","targetHints":{"allow":["GET"]}}],"collection":[{"href":"https:\/\/szulokhaza.hu\/gyor\/wp-json\/wp\/v2\/posts"}],"about":[{"href":"https:\/\/szulokhaza.hu\/gyor\/wp-json\/wp\/v2\/types\/post"}],"author":[{"embeddable":true,"href":"https:\/\/szulokhaza.hu\/gyor\/wp-json\/wp\/v2\/users\/2589"}],"replies":[{"embeddable":true,"href":"https:\/\/szulokhaza.hu\/gyor\/wp-json\/wp\/v2\/comments?post=8432"}],"version-history":[{"count":4,"href":"https:\/\/szulokhaza.hu\/gyor\/wp-json\/wp\/v2\/posts\/8432\/revisions"}],"predecessor-version":[{"id":8439,"href":"https:\/\/szulokhaza.hu\/gyor\/wp-json\/wp\/v2\/posts\/8432\/revisions\/8439"}],"wp:featuredmedia":[{"embeddable":true,"href":"https:\/\/szulokhaza.hu\/gyor\/wp-json\/wp\/v2\/media\/8444"}],"wp:attachment":[{"href":"https:\/\/szulokhaza.hu\/gyor\/wp-json\/wp\/v2\/media?parent=8432"}],"wp:term":[{"taxonomy":"category","embeddable":true,"href":"https:\/\/szulokhaza.hu\/gyor\/wp-json\/wp\/v2\/categories?post=8432"},{"taxonomy":"post_tag","embeddable":true,"href":"https:\/\/szulokhaza.hu\/gyor\/wp-json\/wp\/v2\/tags?post=8432"}],"curies":[{"name":"wp","href":"https:\/\/api.w.org\/{rel}","templated":true}]}}