{"id":215771,"date":"2022-07-05T11:17:30","date_gmt":"2022-07-05T09:17:30","guid":{"rendered":"https:\/\/szulokhaza.hu\/kelenvolgy\/?p=215771"},"modified":"2022-07-14T11:44:55","modified_gmt":"2022-07-14T09:44:55","slug":"%f0%9f%8c%8fot-nap-alatt-a-fold-korul%f0%9f%8c%8f","status":"publish","type":"post","link":"https:\/\/szulokhaza.hu\/kelenvolgy\/%f0%9f%8c%8fot-nap-alatt-a-fold-korul%f0%9f%8c%8f\/","title":{"rendered":"\ud83c\udf0f\u00d6t nap alatt a F\u00f6ld k\u00f6r\u00fcl\ud83c\udf0f"},"content":{"rendered":"<p>[et_pb_section fb_built=&#8221;1&#8243; _builder_version=&#8221;4.17.5&#8243; _module_preset=&#8221;default&#8221; global_colors_info=&#8221;{}&#8221;][et_pb_row _builder_version=&#8221;4.17.5&#8243; _module_preset=&#8221;default&#8221; global_colors_info=&#8221;{}&#8221;][et_pb_column type=&#8221;4_4&#8243; _builder_version=&#8221;4.17.5&#8243; _module_preset=&#8221;default&#8221; global_colors_info=&#8221;{}&#8221;][et_pb_text _builder_version=&#8221;4.17.5&#8243; _module_preset=&#8221;default&#8221; global_colors_info=&#8221;{}&#8221;]<\/p>\n<p>Mozgalmasan telt a Napk\u00f6zis t\u00e1bor els\u0151 hete, amely az \ud83c\udf0f\u00d6t nap alatt a F\u00f6ld k\u00f6r\u00fcl\ud83c\udf0fprogram nevet kapta.<\/p>\n<p>A gyerekekhez sorra \u00e9rkeztek a l\u00e1togat\u00f3k, akik \u00e9rdekesebbn\u00e9l kreat\u00edvabb programmal foglalt\u00e1k le a zsizseg\u0151 gyermekeket.<\/p>\n<p><img loading=\"lazy\" decoding=\"async\" class=\"wp-image-215791 size-medium alignleft\" src=\"https:\/\/szulokhaza.hu\/kelenvolgy\/wp-content\/uploads\/2022\/07\/5nap-alatt-a-Fold-korul-Regos-Judit-300x225.jpg\" alt=\"\" width=\"300\" height=\"225\" srcset=\"https:\/\/szulokhaza.hu\/kelenvolgy\/wp-content\/uploads\/2022\/07\/5nap-alatt-a-Fold-korul-Regos-Judit-300x225.jpg 300w, https:\/\/szulokhaza.hu\/kelenvolgy\/wp-content\/uploads\/2022\/07\/5nap-alatt-a-Fold-korul-Regos-Judit.jpg 450w\" sizes=\"(max-width: 300px) 100vw, 300px\" \/>A t\u00e1bor nyit\u00f3 programjak\u00e9nt Reg\u0151s Judit \u00fclt le a kicsik k\u00f6z\u00e9 \u00e9s az ENSZ m\u0171k\u00f6d\u00e9s\u00e9r\u0151l osztott meg n\u00e9h\u00e1ny \u00e9rdekes dolgot a hallgat\u00f3s\u00e1ggal. \u00a0Az el\u0151ad\u00e1st egy kv\u00edzj\u00e1t\u00e9k z\u00e1rta, amiben a gyerekek lelkesen vettek r\u00e9szt, \u00e9s sz\u00e1munkra is meglep\u0151 m\u00f3don okosabbn\u00e1l okosabb v\u00e1laszokat adtak, k\u00f6z\u00fcl\u00fck egy 6 \u00e9ves kisl\u00e1ny volt, aki a legt\u00f6bb j\u00f3 v\u00e1laszt tudta a t\u00e9m\u00e1r\u00f3l. A gyerekek m\u00e9g azt is tudt\u00e1k, hogy a Sz\u00fcl\u0151k H\u00e1za K\u00f6zhaszn\u00fa Alap\u00edtv\u00e1ny tagja-e a az ENSZ ECOSOC bizotts\u00e1gnak. Minden helyes v\u00e1lasz pecs\u00e9tet \u00e9rt a csapat tagok sz\u00e1m\u00e1ra, amiket az \u00d6t nap alatt a f\u00f6ld k\u00f6r\u00fcl t\u00e9m\u00e1j\u00fa het\u00fcnk eg\u00e9sz id\u0151tartama alatt gy\u0171jt\u00f6gethettek a t\u00e1boroz\u00f3k a k\u00fcl\u00f6nb\u00f6z\u0151 programok alkalm\u00e1val. A legjobban teljes\u00edt\u0151 csapat az utols\u00f3 napon k\u00fcl\u00f6nleges t\u00e1bori csemeg\u00e9t kapott, a f\u00e9nyk\u00e9pes oklev\u00e9l mellett mely egy kis eml\u00e9k\u00fcl szolg\u00e1lt az egy\u00fctt t\u00f6lt\u00f6tt id\u0151r\u0151l. Nem volt neh\u00e9z a versenyszellemet \u00e9letben tartani, a gyerekeknek folyamatos volt az \u00e9rdekl\u0151d\u00e9se azut\u00e1n, hogy mi\u00e9rt lehet pecs\u00e9tet kapni, hogy ezzel biztos\u00edts\u00e1k a saj\u00e1t csapatuk gy\u0151zelm\u00e9t a t\u00e1bori h\u00e9t v\u00e9g\u00e9n. K\u00f6vetkez\u0151 l\u00e1togat\u00f3k\u00e9nt Bisztrics\u00e1ny Linda \u00e9rkezett a t\u00e1borba \u00e9s a t\u0151le megszokott m\u00f3don zen\u00e9s foglalkoz\u00e1sra invit\u00e1lta a t\u00e1boroz\u00f3kat.\u00a0 Linda k\u00fcl\u00f6nb\u00f6z\u0151 orsz\u00e1gr\u00e9szek saj\u00e1toss\u00e1gait mutatta be a zen\u00e9n kereszt\u00fcl. Mes\u00e9lt arr\u00f3l, hogy milyen elt\u00e9r\u0151 kult\u00far\u00e1j\u00fa t\u00f6rzsek \u00e9lnek m\u00e9g a f\u00f6ld bolyg\u00f3nkon, \u00e9s megismertette a fiatal hallgat\u00f3s\u00e1got a t\u00f6rzsek k\u00fcl\u00f6nlegesen saj\u00e1tos zen\u00e9j\u00e9vel, t\u00e1nc\u00e1val. Aki kedvet \u00e9rzett \u00e9nekelhetett, t\u00e1ncolhatott az \u00fajonnan megismert dallamokra.<\/p>\n<p><img loading=\"lazy\" decoding=\"async\" class=\"wp-image-215786 alignnone size-medium\" src=\"https:\/\/szulokhaza.hu\/kelenvolgy\/wp-content\/uploads\/2022\/07\/5nap-alatt-a-Fold-korul-Lindaval-223x300.jpg\" alt=\"\" width=\"223\" height=\"300\" srcset=\"https:\/\/szulokhaza.hu\/kelenvolgy\/wp-content\/uploads\/2022\/07\/5nap-alatt-a-Fold-korul-Lindaval-223x300.jpg 223w, https:\/\/szulokhaza.hu\/kelenvolgy\/wp-content\/uploads\/2022\/07\/5nap-alatt-a-Fold-korul-Lindaval.jpg 275w\" sizes=\"(max-width: 223px) 100vw, 223px\" \/> <img loading=\"lazy\" decoding=\"async\" class=\"wp-image-215783 alignnone size-medium\" src=\"https:\/\/szulokhaza.hu\/kelenvolgy\/wp-content\/uploads\/2022\/07\/5nap-alatt-a-Fold-korul-Lindaval-2-300x225.jpg\" alt=\"\" width=\"300\" height=\"225\" srcset=\"https:\/\/szulokhaza.hu\/kelenvolgy\/wp-content\/uploads\/2022\/07\/5nap-alatt-a-Fold-korul-Lindaval-2-300x225.jpg 300w, https:\/\/szulokhaza.hu\/kelenvolgy\/wp-content\/uploads\/2022\/07\/5nap-alatt-a-Fold-korul-Lindaval-2.jpg 450w\" sizes=\"(max-width: 300px) 100vw, 300px\" \/> <img loading=\"lazy\" decoding=\"async\" class=\"wp-image-215785 alignnone size-medium\" src=\"https:\/\/szulokhaza.hu\/kelenvolgy\/wp-content\/uploads\/2022\/07\/5nap-alatt-a-Fold-korul-Lindaval-6-300x225.jpg\" alt=\"\" width=\"300\" height=\"225\" srcset=\"https:\/\/szulokhaza.hu\/kelenvolgy\/wp-content\/uploads\/2022\/07\/5nap-alatt-a-Fold-korul-Lindaval-6-300x225.jpg 300w, https:\/\/szulokhaza.hu\/kelenvolgy\/wp-content\/uploads\/2022\/07\/5nap-alatt-a-Fold-korul-Lindaval-6.jpg 450w\" sizes=\"(max-width: 300px) 100vw, 300px\" \/> <img loading=\"lazy\" decoding=\"async\" class=\"wp-image-215784 alignnone size-medium\" src=\"https:\/\/szulokhaza.hu\/kelenvolgy\/wp-content\/uploads\/2022\/07\/5nap-alatt-a-Fold-korul-Lindaval-3-225x300.jpg\" alt=\"\" width=\"225\" height=\"300\" srcset=\"https:\/\/szulokhaza.hu\/kelenvolgy\/wp-content\/uploads\/2022\/07\/5nap-alatt-a-Fold-korul-Lindaval-3-225x300.jpg 225w, https:\/\/szulokhaza.hu\/kelenvolgy\/wp-content\/uploads\/2022\/07\/5nap-alatt-a-Fold-korul-Lindaval-3.jpg 277w\" sizes=\"(max-width: 225px) 100vw, 225px\" \/><\/p>\n<p>&nbsp;<\/p>\n<p>&nbsp;<\/p>\n<p>Ezut\u00e1n Melinda \u00e9rkezett a t\u00e1borba, aki a k\u00f6zvetlen k\u00f6rnyezethez kapcsol\u00f3d\u00f3an j\u00e1t\u00e9kos feladat keret\u00e9ben felfedez\u00e9sre h\u00edvta az ifj\u00fas\u00e1got. Megtapasztaltuk milyen k\u00fcl\u00f6nbs\u00e9g van kavicson vagy homokon s\u00e9t\u00e1l\u00e1s k\u00f6zben, milyen \u00e9rz\u00e9s egy fah\u00e1ncshoz \u00e9rni, vagy a v\u00edz, s\u00e1r, f\u0171 \u00e9rint\u00e9se. Ez a program a gyermekek \u00fagynevezett szenzomotoros fejleszt\u00e9s\u00e9t c\u00e9lozta meg mely az idegrendszer \u00e9r\u00e9s\u00e9t el\u0151seg\u00edt\u0151 nagy- \u00e9s finommozg\u00e1st fejleszt\u0151 ter\u00e1pia.<\/p>\n<p><img loading=\"lazy\" decoding=\"async\" class=\"wp-image-215787 alignnone size-medium\" src=\"https:\/\/szulokhaza.hu\/kelenvolgy\/wp-content\/uploads\/2022\/07\/5nap-alatt-a-Fold-korul-Melinda-1-225x300.jpg\" alt=\"\" width=\"225\" height=\"300\" srcset=\"https:\/\/szulokhaza.hu\/kelenvolgy\/wp-content\/uploads\/2022\/07\/5nap-alatt-a-Fold-korul-Melinda-1-225x300.jpg 225w, https:\/\/szulokhaza.hu\/kelenvolgy\/wp-content\/uploads\/2022\/07\/5nap-alatt-a-Fold-korul-Melinda-1.jpg 277w\" sizes=\"(max-width: 225px) 100vw, 225px\" \/> <img loading=\"lazy\" decoding=\"async\" class=\"wp-image-215788 alignnone size-medium\" src=\"https:\/\/szulokhaza.hu\/kelenvolgy\/wp-content\/uploads\/2022\/07\/5nap-alatt-a-Fold-korul-Melinda-2-300x225.jpg\" alt=\"\" width=\"300\" height=\"225\" srcset=\"https:\/\/szulokhaza.hu\/kelenvolgy\/wp-content\/uploads\/2022\/07\/5nap-alatt-a-Fold-korul-Melinda-2-300x225.jpg 300w, https:\/\/szulokhaza.hu\/kelenvolgy\/wp-content\/uploads\/2022\/07\/5nap-alatt-a-Fold-korul-Melinda-2.jpg 450w\" sizes=\"(max-width: 300px) 100vw, 300px\" \/> <img loading=\"lazy\" decoding=\"async\" class=\"wp-image-215789 alignnone size-medium\" src=\"https:\/\/szulokhaza.hu\/kelenvolgy\/wp-content\/uploads\/2022\/07\/5nap-alatt-a-Fold-korul-Melinda-8-300x225.jpg\" alt=\"\" width=\"300\" height=\"225\" srcset=\"https:\/\/szulokhaza.hu\/kelenvolgy\/wp-content\/uploads\/2022\/07\/5nap-alatt-a-Fold-korul-Melinda-8-300x225.jpg 300w, https:\/\/szulokhaza.hu\/kelenvolgy\/wp-content\/uploads\/2022\/07\/5nap-alatt-a-Fold-korul-Melinda-8.jpg 450w\" sizes=\"(max-width: 300px) 100vw, 300px\" \/> <img loading=\"lazy\" decoding=\"async\" class=\"wp-image-215790 alignnone size-medium\" src=\"https:\/\/szulokhaza.hu\/kelenvolgy\/wp-content\/uploads\/2022\/07\/5nap-alatt-a-Fold-korul-Melinda-10-224x300.jpg\" alt=\"\" width=\"224\" height=\"300\" srcset=\"https:\/\/szulokhaza.hu\/kelenvolgy\/wp-content\/uploads\/2022\/07\/5nap-alatt-a-Fold-korul-Melinda-10-224x300.jpg 224w, https:\/\/szulokhaza.hu\/kelenvolgy\/wp-content\/uploads\/2022\/07\/5nap-alatt-a-Fold-korul-Melinda-10.jpg 276w\" sizes=\"(max-width: 224px) 100vw, 224px\" \/><\/p>\n<p>&nbsp;<\/p>\n<p>A t\u00e1bor z\u00e1r\u00f3programjak\u00e9nt Julcsa a minimuzsika foglalkoz\u00e1st tart\u00f3 seg\u00edt\u0151nk \u00e9rkezett a F\u00f6ld t\u00e9m\u00e1j\u00fa t\u00e1bori h\u00e9tre, aki egy fant\u00e1zia f\u00f6ldr\u00e9sz kital\u00e1l\u00e1s\u00e1t adta feladatnak a gyerekseregnek. A csapatok k\u00e9t k\u00fcl\u00f6nb\u00f6z\u0151k\u00e9ppen \u00e9rdekes fant\u00e1zia helyet tal\u00e1lt ki, amit egy \u00f3ri\u00e1si lapra rajzoltak le, melyen bemutatt\u00e1k, hogy az elk\u00e9pzel\u00e9seik alapj\u00e1n mi jellemz\u0151 a l\u00e9trehozott helyre, milyen kult\u00far\u00e1t k\u00e9pzeltek el, vagy p\u00e9ld\u00e1ul milyen emberek lakj\u00e1k. Az egyik k\u00e9pzeletbeli f\u00f6ldr\u00e9szneve Szodicska-P\u00e1lmafa-sziget volt a m\u00e1sik\u00e9 Irandia.<\/p>\n<p><img loading=\"lazy\" decoding=\"async\" class=\"wp-image-215780 alignnone size-medium\" src=\"https:\/\/szulokhaza.hu\/kelenvolgy\/wp-content\/uploads\/2022\/07\/5nap-alatt-a-Fold-korul-Julcsa-225x300.jpg\" alt=\"\" width=\"225\" height=\"300\" srcset=\"https:\/\/szulokhaza.hu\/kelenvolgy\/wp-content\/uploads\/2022\/07\/5nap-alatt-a-Fold-korul-Julcsa-225x300.jpg 225w, https:\/\/szulokhaza.hu\/kelenvolgy\/wp-content\/uploads\/2022\/07\/5nap-alatt-a-Fold-korul-Julcsa.jpg 277w\" sizes=\"(max-width: 225px) 100vw, 225px\" \/> <img loading=\"lazy\" decoding=\"async\" class=\"wp-image-215778 alignnone size-medium\" src=\"https:\/\/szulokhaza.hu\/kelenvolgy\/wp-content\/uploads\/2022\/07\/5nap-alatt-a-Fold-korul-Julcsa-2-300x223.jpg\" alt=\"\" width=\"300\" height=\"223\" srcset=\"https:\/\/szulokhaza.hu\/kelenvolgy\/wp-content\/uploads\/2022\/07\/5nap-alatt-a-Fold-korul-Julcsa-2-300x223.jpg 300w, https:\/\/szulokhaza.hu\/kelenvolgy\/wp-content\/uploads\/2022\/07\/5nap-alatt-a-Fold-korul-Julcsa-2.jpg 450w\" sizes=\"(max-width: 300px) 100vw, 300px\" \/> <img loading=\"lazy\" decoding=\"async\" class=\"wp-image-215779 alignnone size-medium\" src=\"https:\/\/szulokhaza.hu\/kelenvolgy\/wp-content\/uploads\/2022\/07\/5nap-alatt-a-Fold-korul-Julcsa-6-300x225.jpg\" alt=\"\" width=\"300\" height=\"225\" srcset=\"https:\/\/szulokhaza.hu\/kelenvolgy\/wp-content\/uploads\/2022\/07\/5nap-alatt-a-Fold-korul-Julcsa-6-300x225.jpg 300w, https:\/\/szulokhaza.hu\/kelenvolgy\/wp-content\/uploads\/2022\/07\/5nap-alatt-a-Fold-korul-Julcsa-6.jpg 450w\" sizes=\"(max-width: 300px) 100vw, 300px\" \/> <img loading=\"lazy\" decoding=\"async\" class=\"wp-image-215781 alignnone size-medium\" src=\"https:\/\/szulokhaza.hu\/kelenvolgy\/wp-content\/uploads\/2022\/07\/5nap-alatt-a-Fold-korul-Julcsa5-224x300.jpg\" alt=\"\" width=\"224\" height=\"300\" srcset=\"https:\/\/szulokhaza.hu\/kelenvolgy\/wp-content\/uploads\/2022\/07\/5nap-alatt-a-Fold-korul-Julcsa5-224x300.jpg 224w, https:\/\/szulokhaza.hu\/kelenvolgy\/wp-content\/uploads\/2022\/07\/5nap-alatt-a-Fold-korul-Julcsa5.jpg 276w\" sizes=\"(max-width: 224px) 100vw, 224px\" \/><\/p>\n<p>A f\u0151 t\u00e1bori programok mellett, term\u00e9szetesen \u00fasztunk, k\u00e9zm\u0171veskedt\u00fcnk, ahol maszkok, legyez\u0151k \u00e9s pap\u00edrmas\u00e9 f\u00f6ldg\u00f6mb\u00f6k k\u00e9sz\u00fcltek az \u00fcgyeskez\u0171 gyermekek \u00e1ltal. A napk\u00f6zis t\u00e1bor z\u00e1r\u00e1sa az utols\u00f3 k\u00f6z\u00f6s eb\u00e9d \u00e9s a k\u00e9t csapat k\u00f6z\u00f6tti eredm\u00e9nyhirdet\u00e9se volt, ahol b\u00e1r szoros volt a verseny,de kihirdett\u00fck a leg\u00fcgyesebb csapatot, \u00e9s mindenki megkapta a t\u00e1bori oklevelet \u00e9s mosolyg\u00f3s csoport f\u00e9nyk\u00e9pet, amellyel a k\u00f6z\u00f6sen \u00e1t\u00e9lt \u00e9lm\u00e9nyekre tudnak majd visszaeml\u00e9kezni.<\/p>\n<p><img loading=\"lazy\" decoding=\"async\" class=\"wp-image-215782 alignnone size-medium\" src=\"https:\/\/szulokhaza.hu\/kelenvolgy\/wp-content\/uploads\/2022\/07\/5nap-alatt-a-Fold-korul-kreativ4-225x300.jpg\" alt=\"\" width=\"225\" height=\"300\" srcset=\"https:\/\/szulokhaza.hu\/kelenvolgy\/wp-content\/uploads\/2022\/07\/5nap-alatt-a-Fold-korul-kreativ4-225x300.jpg 225w, https:\/\/szulokhaza.hu\/kelenvolgy\/wp-content\/uploads\/2022\/07\/5nap-alatt-a-Fold-korul-kreativ4.jpg 277w\" sizes=\"(max-width: 225px) 100vw, 225px\" \/> <img loading=\"lazy\" decoding=\"async\" class=\"wp-image-215792 alignnone size-medium\" src=\"https:\/\/szulokhaza.hu\/kelenvolgy\/wp-content\/uploads\/2022\/07\/5nap-alatt-a-Fold-korul-strandolunk-2-300x225.jpg\" alt=\"\" width=\"300\" height=\"225\" srcset=\"https:\/\/szulokhaza.hu\/kelenvolgy\/wp-content\/uploads\/2022\/07\/5nap-alatt-a-Fold-korul-strandolunk-2-300x225.jpg 300w, https:\/\/szulokhaza.hu\/kelenvolgy\/wp-content\/uploads\/2022\/07\/5nap-alatt-a-Fold-korul-strandolunk-2.jpg 450w\" sizes=\"(max-width: 300px) 100vw, 300px\" \/> <img loading=\"lazy\" decoding=\"async\" class=\"wp-image-215793 alignnone size-medium\" src=\"https:\/\/szulokhaza.hu\/kelenvolgy\/wp-content\/uploads\/2022\/07\/290791814_765685611270835_2030628308818430108_n-300x225.jpg\" alt=\"\" width=\"300\" height=\"225\" srcset=\"https:\/\/szulokhaza.hu\/kelenvolgy\/wp-content\/uploads\/2022\/07\/290791814_765685611270835_2030628308818430108_n-300x225.jpg 300w, https:\/\/szulokhaza.hu\/kelenvolgy\/wp-content\/uploads\/2022\/07\/290791814_765685611270835_2030628308818430108_n.jpg 450w\" sizes=\"(max-width: 300px) 100vw, 300px\" \/> <img loading=\"lazy\" decoding=\"async\" class=\"wp-image-215777 alignnone size-medium\" src=\"https:\/\/szulokhaza.hu\/kelenvolgy\/wp-content\/uploads\/2022\/07\/5nap-alatt-a-Fold-korul-bucsuzas-224x300.jpg\" alt=\"\" width=\"224\" height=\"300\" srcset=\"https:\/\/szulokhaza.hu\/kelenvolgy\/wp-content\/uploads\/2022\/07\/5nap-alatt-a-Fold-korul-bucsuzas-224x300.jpg 224w, https:\/\/szulokhaza.hu\/kelenvolgy\/wp-content\/uploads\/2022\/07\/5nap-alatt-a-Fold-korul-bucsuzas.jpg 276w\" sizes=\"(max-width: 224px) 100vw, 224px\" \/><\/p>\n<p>&nbsp;<\/p>\n<p>&nbsp;<\/p>\n<p>Az esem\u00e9nyr\u0151l tov\u00e1bbi k\u00e9pek el\u00e9rhet\u0151ek a\u00a0<a href=\"https:\/\/szulokhaza.hu\/%f0%9f%8c%8fot-nap-alatt-a-fold-korul%f0%9f%8c%8f-2\/\" rel=\"noopener\">K\u00e9pek gal\u00e9ri\u00e1ban\u2026<\/a><\/p>\n<p>[\/et_pb_text][\/et_pb_column][\/et_pb_row][\/et_pb_section]<\/p>\n","protected":false},"excerpt":{"rendered":"<p>Mozgalmasan telt a Napk\u00f6zis t\u00e1bor els\u0151 hete, amely az \ud83c\udf0f\u00d6t nap alatt a F\u00f6ld k\u00f6r\u00fcl\ud83c\udf0fprogram nevet kapta. A gyerekekhez sorra \u00e9rkeztek a l\u00e1togat\u00f3k, akik \u00e9rdekesebbn\u00e9l kreat\u00edvabb programmal foglalt\u00e1k le a zsizseg\u0151 gyermekeket. A t\u00e1bor nyit\u00f3 programjak\u00e9nt Reg\u0151s Judit \u00fclt le a kicsik k\u00f6z\u00e9 \u00e9s az ENSZ m\u0171k\u00f6d\u00e9s\u00e9r\u0151l osztott meg n\u00e9h\u00e1ny \u00e9rdekes dolgot a hallgat\u00f3s\u00e1ggal. \u00a0Az [&hellip;]<\/p>\n","protected":false},"author":8,"featured_media":215773,"comment_status":"open","ping_status":"open","sticky":false,"template":"","format":"standard","meta":{"_seopress_robots_primary_cat":"none","_seopress_titles_title":"\ud83c\udf0f\u00d6t nap alatt a F\u00f6ld k\u00f6r\u00fcl\ud83c\udf0f","_seopress_titles_desc":"","_seopress_robots_index":"","_et_pb_use_builder":"on","_et_pb_old_content":"","_et_gb_content_width":"","footnotes":""},"categories":[12],"tags":[31,33,34,28,32,35,26,11],"class_list":["post-215771","post","type-post","status-publish","format-standard","has-post-thumbnail","hentry","category-szh","tag-2022-kamaraerdo","tag-5-nap-alatt-a-fold-korul","tag-gyerekido","tag-napkozis-tabor","tag-nyari-tabor","tag-nyariido","tag-szulok-haza-csalad","tag-szulok-haza-csaladi-kozpont-es-bolcsode-halozat"],"_links":{"self":[{"href":"https:\/\/szulokhaza.hu\/kelenvolgy\/wp-json\/wp\/v2\/posts\/215771","targetHints":{"allow":["GET"]}}],"collection":[{"href":"https:\/\/szulokhaza.hu\/kelenvolgy\/wp-json\/wp\/v2\/posts"}],"about":[{"href":"https:\/\/szulokhaza.hu\/kelenvolgy\/wp-json\/wp\/v2\/types\/post"}],"author":[{"embeddable":true,"href":"https:\/\/szulokhaza.hu\/kelenvolgy\/wp-json\/wp\/v2\/users\/8"}],"replies":[{"embeddable":true,"href":"https:\/\/szulokhaza.hu\/kelenvolgy\/wp-json\/wp\/v2\/comments?post=215771"}],"version-history":[{"count":4,"href":"https:\/\/szulokhaza.hu\/kelenvolgy\/wp-json\/wp\/v2\/posts\/215771\/revisions"}],"predecessor-version":[{"id":215796,"href":"https:\/\/szulokhaza.hu\/kelenvolgy\/wp-json\/wp\/v2\/posts\/215771\/revisions\/215796"}],"wp:featuredmedia":[{"embeddable":true,"href":"https:\/\/szulokhaza.hu\/kelenvolgy\/wp-json\/wp\/v2\/media\/215773"}],"wp:attachment":[{"href":"https:\/\/szulokhaza.hu\/kelenvolgy\/wp-json\/wp\/v2\/media?parent=215771"}],"wp:term":[{"taxonomy":"category","embeddable":true,"href":"https:\/\/szulokhaza.hu\/kelenvolgy\/wp-json\/wp\/v2\/categories?post=215771"},{"taxonomy":"post_tag","embeddable":true,"href":"https:\/\/szulokhaza.hu\/kelenvolgy\/wp-json\/wp\/v2\/tags?post=215771"}],"curies":[{"name":"wp","href":"https:\/\/api.w.org\/{rel}","templated":true}]}}