{"id":215797,"date":"2022-07-13T11:45:54","date_gmt":"2022-07-13T09:45:54","guid":{"rendered":"https:\/\/szulokhaza.hu\/kelenvolgy\/?p=215797"},"modified":"2022-07-22T15:17:02","modified_gmt":"2022-07-22T13:17:02","slug":"az-allati-kuldetes-hete","status":"publish","type":"post","link":"https:\/\/szulokhaza.hu\/kelenvolgy\/az-allati-kuldetes-hete\/","title":{"rendered":"\ud83e\udd8aAz \u00c1llati k\u00fcldet\u00e9s hete\ud83e\udd94"},"content":{"rendered":"<p>[et_pb_section fb_built=&#8221;1&#8243; _builder_version=&#8221;4.17.5&#8243; _module_preset=&#8221;default&#8221; global_colors_info=&#8221;{}&#8221;][et_pb_row _builder_version=&#8221;4.17.5&#8243; _module_preset=&#8221;default&#8221; global_colors_info=&#8221;{}&#8221;][et_pb_column type=&#8221;4_4&#8243; _builder_version=&#8221;4.17.5&#8243; _module_preset=&#8221;default&#8221; global_colors_info=&#8221;{}&#8221;][et_pb_text _builder_version=&#8221;4.17.5&#8243; _module_preset=&#8221;default&#8221; global_colors_info=&#8221;{}&#8221;]A napk\u00f6zis t\u00e1bor m\u00e1sodik het\u00e9ben egy <span style=\"color: #f69e0f;\"><strong>\u00c1llati k\u00fcldet\u00e9s<\/strong><\/span>en vettek r\u00e9szt a t\u00e1boroz\u00f3k. Az els\u0151 napon k\u00e9t csapatra oszlott a gyerek sereg, hogy az eg\u00e9sz h\u00e9ten kereszt\u00fcl tart\u00f3 feladatok \u00e9s j\u00e1t\u00e9kok sor\u00e1n megnyerhet\u0151 pontokat megszerezve t\u00e1mogass\u00e1k saj\u00e1t csapatuk els\u0151 helyez\u00e9s\u00e9t \u00e9s megnyerhess\u00e9k a k\u00fcl\u00f6nleges t\u00e1bori csemeg\u00e9t. Ezen a h\u00e9ten a <span style=\"color: #0d8fe5;\"><strong>Sz\u00e1rnyas kecsk\u00e9k<\/strong><\/span> \u00e9s a <strong><span style=\"color: #0eb505;\">Dzsungel v\u00e9delmez\u0151i<\/span><\/strong> nev\u0171 csapatok m\u00e9rt\u00e9k \u00f6ssze k\u00e9pess\u00e9geiket. Elk\u00e9sz\u00fcltek a csapatz\u00e1szl\u00f3k, az egyedi pecs\u00e9t gy\u0171jt\u0151 f\u00fczetek, amelyekbe meg is kezd\u0151d\u00f6tt a gy\u0171jt\u00f6get\u00e9s, hiszen minden tev\u00e9kenys\u00e9g pecs\u00e9tet \u00e9rt. A csapatok saj\u00e1t csapat indul\u00f3t k\u00f6lt\u00f6ttek \u00e9s mes\u00e9t tal\u00e1ltak ki a fant\u00e1zia nev\u00fcknek megfelel\u0151en. A h\u00e9ten \u00e9rkez\u0151 t\u00e1bori g\u00f3ly\u00e1k szint\u00e9n h\u00e9tf\u0151n kapj\u00e1k meg a t\u00e1bori sapk\u00e1ikat, amiket saj\u00e1t \u00edzl\u00e9s\u00fcknek megfelel\u0151en nagy\u00f6r\u00f6mmel d\u00edsz\u00edtettek.<\/p>\n<p><img loading=\"lazy\" decoding=\"async\" class=\"wp-image-215810 alignnone size-medium\" src=\"https:\/\/szulokhaza.hu\/kelenvolgy\/wp-content\/uploads\/2022\/07\/n-300x225.jpg\" alt=\"\" width=\"300\" height=\"225\" srcset=\"https:\/\/szulokhaza.hu\/kelenvolgy\/wp-content\/uploads\/2022\/07\/n-300x225.jpg 300w, https:\/\/szulokhaza.hu\/kelenvolgy\/wp-content\/uploads\/2022\/07\/n.jpg 450w\" sizes=\"(max-width: 300px) 100vw, 300px\" \/> <img loading=\"lazy\" decoding=\"async\" class=\"wp-image-215805 alignnone size-medium\" src=\"https:\/\/szulokhaza.hu\/kelenvolgy\/wp-content\/uploads\/2022\/07\/H3-300x225.jpg\" alt=\"\" width=\"300\" height=\"225\" srcset=\"https:\/\/szulokhaza.hu\/kelenvolgy\/wp-content\/uploads\/2022\/07\/H3-300x225.jpg 300w, https:\/\/szulokhaza.hu\/kelenvolgy\/wp-content\/uploads\/2022\/07\/H3.jpg 450w\" sizes=\"(max-width: 300px) 100vw, 300px\" \/> <img loading=\"lazy\" decoding=\"async\" class=\"wp-image-215804 alignnone size-medium\" src=\"https:\/\/szulokhaza.hu\/kelenvolgy\/wp-content\/uploads\/2022\/07\/H2-300x225.jpg\" alt=\"\" width=\"300\" height=\"225\" srcset=\"https:\/\/szulokhaza.hu\/kelenvolgy\/wp-content\/uploads\/2022\/07\/H2-300x225.jpg 300w, https:\/\/szulokhaza.hu\/kelenvolgy\/wp-content\/uploads\/2022\/07\/H2.jpg 450w\" sizes=\"(max-width: 300px) 100vw, 300px\" \/> <img loading=\"lazy\" decoding=\"async\" class=\"wp-image-215806 alignnone size-medium\" src=\"https:\/\/szulokhaza.hu\/kelenvolgy\/wp-content\/uploads\/2022\/07\/H4-300x225.jpg\" alt=\"\" width=\"300\" height=\"225\" srcset=\"https:\/\/szulokhaza.hu\/kelenvolgy\/wp-content\/uploads\/2022\/07\/H4-300x225.jpg 300w, https:\/\/szulokhaza.hu\/kelenvolgy\/wp-content\/uploads\/2022\/07\/H4.jpg 450w\" sizes=\"(max-width: 300px) 100vw, 300px\" \/><br \/>\n[\/et_pb_text][\/et_pb_column][\/et_pb_row][et_pb_row column_structure=&#8221;1_5,3_5,1_5&#8243; _builder_version=&#8221;4.17.5&#8243; _module_preset=&#8221;default&#8221; global_colors_info=&#8221;{}&#8221;][et_pb_column type=&#8221;1_5&#8243; _builder_version=&#8221;4.17.5&#8243; _module_preset=&#8221;default&#8221; global_colors_info=&#8221;{}&#8221;][et_pb_image src=&#8221;https:\/\/szulokhaza.hu\/kelenvolgy\/wp-content\/uploads\/2022\/07\/K2.jpg&#8221; title_text=&#8221;K2&#8243; _builder_version=&#8221;4.17.5&#8243; _module_preset=&#8221;default&#8221; global_colors_info=&#8221;{}&#8221;][\/et_pb_image][\/et_pb_column][et_pb_column type=&#8221;3_5&#8243; _builder_version=&#8221;4.17.5&#8243; _module_preset=&#8221;default&#8221; global_colors_info=&#8221;{}&#8221;][et_pb_text _builder_version=&#8221;4.17.5&#8243; _module_preset=&#8221;default&#8221; global_colors_info=&#8221;{}&#8221;]<span style=\"color: #ff6600;\"><strong>Kedden<\/strong><\/span> \u00fcgyess\u00e9gi feladatok v\u00e1rtak a csapatokra, t\u00f6bbek k\u00f6z\u00f6tt zen\u00e9s- t\u00e1ncos-mozg\u00e1sos, illetve kreat\u00edv- alkot\u00f3 feladatok \u00e1ll\u00edtottak kih\u00edv\u00e1st a kicsik el\u00e9. A nap v\u00e9g\u00e9re el is k\u00e9sz\u00fclt a saj\u00e1t kis \u00e1llatkert, ultra cuki \u00e1llatfigur\u00e1k k\u00e9sz\u00fcltek sz\u00ednes pap\u00edrb\u00f3l, spatul\u00e1ra; unikornis, medve, zsir\u00e1f, daru, b\u00e9ka- szoros volt a verseny az \u00fcgyes kez\u0171 gyerk\u0151c\u00f6k k\u00f6z\u00f6tt.<br \/>\n[\/et_pb_text][et_pb_text _builder_version=&#8221;4.17.5&#8243; _module_preset=&#8221;default&#8221; global_colors_info=&#8221;{}&#8221;]A h\u00e9t k\u00f6zep\u00e9n, <span style=\"color: #ff6600;\"><strong>szerd\u00e1n<\/strong><\/span> t\u00f6bb l\u00e1togat\u00f3nk is volt. \u00a0Ben\u00e9zett a t\u00e1borba <em>Nyakas G\u00e1bor<\/em> \u2013 kutyakik\u00e9pz\u0151, <em>Tyson<\/em> kuty\u00e1val, akit a gazd\u00e1ja, <em>B\u00e1lint<\/em> k\u00eds\u00e9rt el, hogy menedzselje Tyson utaz\u00e1s\u00e1t. G\u00e1bor nagyon sok okos \u00e9s hasznos gondolattal l\u00e1tta el az apr\u00f3s\u00e1gokat, akiknek voltak ism\u00e9telt inform\u00e1ci\u00f3k, \u00e9s \u00fajk\u00e9nt megtanultak is. A nap aktivit\u00e1sa az \u00edj\u00e1szat volt, amit <em>Romv\u00e1ri \u00c1d\u00e1m<\/em> tan\u00edtott a gyermekeknek, akik nagy \u00f6r\u00f6mmel pr\u00f3b\u00e1lgatt\u00e1k a sportot. Term\u00e9szetesen a mai nap a programok alatt is folyamatosan volt lehet\u0151s\u00e9g a pecs\u00e9t gy\u0171jt\u00e9sre, mivel a verseny p\u00e9ntekig tart.<br \/>\n[\/et_pb_text][\/et_pb_column][et_pb_column type=&#8221;1_5&#8243; _builder_version=&#8221;4.17.5&#8243; _module_preset=&#8221;default&#8221; global_colors_info=&#8221;{}&#8221;][\/et_pb_column][\/et_pb_row][et_pb_row _builder_version=&#8221;4.17.5&#8243; _module_preset=&#8221;default&#8221; custom_margin=&#8221;-60px|auto||auto||&#8221; global_colors_info=&#8221;{}&#8221;][et_pb_column type=&#8221;4_4&#8243; _builder_version=&#8221;4.17.5&#8243; _module_preset=&#8221;default&#8221; global_colors_info=&#8221;{}&#8221;][et_pb_text _builder_version=&#8221;4.17.5&#8243; _module_preset=&#8221;default&#8221; custom_margin=&#8221;-37px|||||&#8221; custom_padding=&#8221;0px|||||&#8221; hover_enabled=&#8221;0&#8243; global_colors_info=&#8221;{}&#8221; sticky_enabled=&#8221;0&#8243;]<img loading=\"lazy\" decoding=\"async\" class=\"wp-image-215813 alignnone size-medium\" src=\"https:\/\/szulokhaza.hu\/kelenvolgy\/wp-content\/uploads\/2022\/07\/Sz6-225x300.jpg\" alt=\"\" width=\"225\" height=\"300\" srcset=\"https:\/\/szulokhaza.hu\/kelenvolgy\/wp-content\/uploads\/2022\/07\/Sz6-225x300.jpg 225w, https:\/\/szulokhaza.hu\/kelenvolgy\/wp-content\/uploads\/2022\/07\/Sz6.jpg 277w\" sizes=\"(max-width: 225px) 100vw, 225px\" \/> <img loading=\"lazy\" decoding=\"async\" class=\"wp-image-215815 alignnone size-medium\" src=\"https:\/\/szulokhaza.hu\/kelenvolgy\/wp-content\/uploads\/2022\/07\/Sz8-300x169.jpg\" alt=\"\" width=\"300\" height=\"169\" srcset=\"https:\/\/szulokhaza.hu\/kelenvolgy\/wp-content\/uploads\/2022\/07\/Sz8-300x169.jpg 300w, https:\/\/szulokhaza.hu\/kelenvolgy\/wp-content\/uploads\/2022\/07\/Sz8.jpg 450w\" sizes=\"(max-width: 300px) 100vw, 300px\" \/> <img loading=\"lazy\" decoding=\"async\" class=\"wp-image-215811 alignnone size-medium\" src=\"https:\/\/szulokhaza.hu\/kelenvolgy\/wp-content\/uploads\/2022\/07\/Sz-2-300x225.jpg\" alt=\"\" width=\"300\" height=\"225\" srcset=\"https:\/\/szulokhaza.hu\/kelenvolgy\/wp-content\/uploads\/2022\/07\/Sz-2-300x225.jpg 300w, https:\/\/szulokhaza.hu\/kelenvolgy\/wp-content\/uploads\/2022\/07\/Sz-2.jpg 450w\" sizes=\"(max-width: 300px) 100vw, 300px\" \/> <img loading=\"lazy\" decoding=\"async\" class=\"wp-image-215817 alignnone size-medium\" src=\"https:\/\/szulokhaza.hu\/kelenvolgy\/wp-content\/uploads\/2022\/07\/Sz10-300x225.jpg\" alt=\"\" width=\"300\" height=\"225\" srcset=\"https:\/\/szulokhaza.hu\/kelenvolgy\/wp-content\/uploads\/2022\/07\/Sz10-300x225.jpg 300w, https:\/\/szulokhaza.hu\/kelenvolgy\/wp-content\/uploads\/2022\/07\/Sz10.jpg 450w\" sizes=\"(max-width: 300px) 100vw, 300px\" \/><\/p>\n<p>\u00c1llati k\u00fcldet\u00e9sben voltak a gyerekek <span style=\"color: #ff6600;\"><strong>cs\u00fct\u00f6rt\u00f6k\u00f6n<\/strong><\/span>; vakt\u00e9rk\u00e9pen kellett elhelyezni \u00e1llatok rajzait a kontinenseken \u00e9s k\u00f6zben tov\u00e1bb folytat\u00f3dott a kreat\u00edvkod\u00e1s \u00e9s a gyerekek k\u00fcl\u00f6nb\u00f6z\u0151 k\u00e9zm\u0171ves technik\u00e1val sok- sok \u00e1llatk\u00e1t k\u00e9sz\u00edtettek.<\/p>\n<p><img loading=\"lazy\" decoding=\"async\" class=\"wp-image-215800 alignnone size-medium\" src=\"https:\/\/szulokhaza.hu\/kelenvolgy\/wp-content\/uploads\/2022\/07\/Cs-300x225.jpg\" alt=\"\" width=\"300\" height=\"225\" srcset=\"https:\/\/szulokhaza.hu\/kelenvolgy\/wp-content\/uploads\/2022\/07\/Cs-300x225.jpg 300w, https:\/\/szulokhaza.hu\/kelenvolgy\/wp-content\/uploads\/2022\/07\/Cs.jpg 450w\" sizes=\"(max-width: 300px) 100vw, 300px\" \/> <img loading=\"lazy\" decoding=\"async\" class=\"wp-image-215801 alignnone size-medium\" src=\"https:\/\/szulokhaza.hu\/kelenvolgy\/wp-content\/uploads\/2022\/07\/Cs2-300x225.jpg\" alt=\"\" width=\"300\" height=\"225\" srcset=\"https:\/\/szulokhaza.hu\/kelenvolgy\/wp-content\/uploads\/2022\/07\/Cs2-300x225.jpg 300w, https:\/\/szulokhaza.hu\/kelenvolgy\/wp-content\/uploads\/2022\/07\/Cs2.jpg 450w\" sizes=\"(max-width: 300px) 100vw, 300px\" \/> <img loading=\"lazy\" decoding=\"async\" class=\"wp-image-215802 alignnone size-medium\" src=\"https:\/\/szulokhaza.hu\/kelenvolgy\/wp-content\/uploads\/2022\/07\/Cs3-300x225.jpg\" alt=\"\" width=\"300\" height=\"225\" srcset=\"https:\/\/szulokhaza.hu\/kelenvolgy\/wp-content\/uploads\/2022\/07\/Cs3-300x225.jpg 300w, https:\/\/szulokhaza.hu\/kelenvolgy\/wp-content\/uploads\/2022\/07\/Cs3.jpg 450w\" sizes=\"(max-width: 300px) 100vw, 300px\" \/> <img loading=\"lazy\" decoding=\"async\" class=\"wp-image-215803 alignnone size-medium\" src=\"https:\/\/szulokhaza.hu\/kelenvolgy\/wp-content\/uploads\/2022\/07\/H-300x225.jpg\" alt=\"\" width=\"300\" height=\"225\" srcset=\"https:\/\/szulokhaza.hu\/kelenvolgy\/wp-content\/uploads\/2022\/07\/H-300x225.jpg 300w, https:\/\/szulokhaza.hu\/kelenvolgy\/wp-content\/uploads\/2022\/07\/H.jpg 450w\" sizes=\"(max-width: 300px) 100vw, 300px\" \/><\/p>\n<p>A h\u00e9t b\u00facs\u00faz\u00f3 napj\u00e1n <span style=\"color: #ff6600;\"><strong>p\u00e9ntek<\/strong><\/span>en mindenki k\u00edv\u00e1ncsian v\u00e1rja ki lesz az eredm\u00e9nyhirdet\u00e9s gy\u0151ztese. A h\u00e9tk\u00f6zep\u00e9n ny\u00fajtott aktivit\u00e1snak k\u00f6sz\u00f6nhet\u0151en a gyerk\u0151c\u00f6k ilyenkor m\u00e1r kicsit f\u00e1radtabbak, de egy utols\u00f3 k\u00f6z\u00f6s t\u00e1nci- t\u00e1ncira az\u00e9rt mindenki vev\u0151. Eb\u00e9d ut\u00e1n elb\u00facs\u00faznak a csapatok egym\u00e1st\u00f3l \u00e9s az \u00c1llati k\u00fcldet\u00e9s teljes\u00edt\u00e9s\u00e9r\u0151l kapott eml\u00e9klappal \u00e9s f\u00e9nyk\u00e9ppel b\u00fcszk\u00e9lkedve indulnak a t\u00e1boroz\u00f3k haza.<br \/>\n[\/et_pb_text][\/et_pb_column][\/et_pb_row][et_pb_row _builder_version=&#8221;4.17.6&#8243; _module_preset=&#8221;default&#8221;][et_pb_column _builder_version=&#8221;4.17.6&#8243; _module_preset=&#8221;default&#8221; type=&#8221;4_4&#8243;][et_pb_text _builder_version=&#8221;4.17.6&#8243; _module_preset=&#8221;default&#8221; hover_enabled=&#8221;0&#8243; sticky_enabled=&#8221;0&#8243;]<\/p>\n<p>Tov\u00e1bbi k\u00e9pek az esem\u00e9nyr\u0151l el\u00e9rhet\u0151ek a\u00a0<a href=\"https:\/\/szulokhaza.hu\/%f0%9f%a6%8aaz-allati-kuldetes-hete%f0%9f%a6%94\/\">Gal\u00e9ria, K\u00e9pek<\/a> men\u00fcben &#8230;<\/p>\n<p>[\/et_pb_text][\/et_pb_column][\/et_pb_row][\/et_pb_section]<\/p>\n","protected":false},"excerpt":{"rendered":"<p>A napk\u00f6zis t\u00e1bor m\u00e1sodik het\u00e9ben egy \u00c1llati k\u00fcldet\u00e9sen vettek r\u00e9szt a t\u00e1boroz\u00f3k. Az els\u0151 napon k\u00e9t csapatra oszlott a gyerek sereg, hogy az eg\u00e9sz h\u00e9ten kereszt\u00fcl tart\u00f3 feladatok \u00e9s j\u00e1t\u00e9kok sor\u00e1n megnyerhet\u0151 pontokat megszerezve t\u00e1mogass\u00e1k saj\u00e1t csapatuk els\u0151 helyez\u00e9s\u00e9t \u00e9s megnyerhess\u00e9k a k\u00fcl\u00f6nleges t\u00e1bori csemeg\u00e9t. Ezen a h\u00e9ten a Sz\u00e1rnyas kecsk\u00e9k \u00e9s a Dzsungel v\u00e9delmez\u0151i [&hellip;]<\/p>\n","protected":false},"author":8,"featured_media":215799,"comment_status":"open","ping_status":"open","sticky":false,"template":"","format":"standard","meta":{"_seopress_robots_primary_cat":"none","_seopress_titles_title":"Az \u00c1llati k\u00fcldet\u00e9s hete","_seopress_titles_desc":"Az \u00c1llati k\u00fcldet\u00e9s hete nev\u0171 napk\u00f6zis ny\u00e1ri t\u00e1borunk \u00e9lm\u00e9nybesz\u00e1mol\u00f3ja a Sz\u00fcl\u0151k H\u00e1za Csal\u00e1d \u00e9s B\u00f6lcs\u0151de H\u00e1l\u00f3zat szervez\u00e9s\u00e9ben.","_seopress_robots_index":"","_et_pb_use_builder":"on","_et_pb_old_content":"","_et_gb_content_width":"","footnotes":""},"categories":[12],"tags":[31,27,28,26,11],"class_list":["post-215797","post","type-post","status-publish","format-standard","has-post-thumbnail","hentry","category-szh","tag-2022-kamaraerdo","tag-kamaraerdo","tag-napkozis-tabor","tag-szulok-haza-csalad","tag-szulok-haza-csaladi-kozpont-es-bolcsode-halozat"],"_links":{"self":[{"href":"https:\/\/szulokhaza.hu\/kelenvolgy\/wp-json\/wp\/v2\/posts\/215797","targetHints":{"allow":["GET"]}}],"collection":[{"href":"https:\/\/szulokhaza.hu\/kelenvolgy\/wp-json\/wp\/v2\/posts"}],"about":[{"href":"https:\/\/szulokhaza.hu\/kelenvolgy\/wp-json\/wp\/v2\/types\/post"}],"author":[{"embeddable":true,"href":"https:\/\/szulokhaza.hu\/kelenvolgy\/wp-json\/wp\/v2\/users\/8"}],"replies":[{"embeddable":true,"href":"https:\/\/szulokhaza.hu\/kelenvolgy\/wp-json\/wp\/v2\/comments?post=215797"}],"version-history":[{"count":10,"href":"https:\/\/szulokhaza.hu\/kelenvolgy\/wp-json\/wp\/v2\/posts\/215797\/revisions"}],"predecessor-version":[{"id":215879,"href":"https:\/\/szulokhaza.hu\/kelenvolgy\/wp-json\/wp\/v2\/posts\/215797\/revisions\/215879"}],"wp:featuredmedia":[{"embeddable":true,"href":"https:\/\/szulokhaza.hu\/kelenvolgy\/wp-json\/wp\/v2\/media\/215799"}],"wp:attachment":[{"href":"https:\/\/szulokhaza.hu\/kelenvolgy\/wp-json\/wp\/v2\/media?parent=215797"}],"wp:term":[{"taxonomy":"category","embeddable":true,"href":"https:\/\/szulokhaza.hu\/kelenvolgy\/wp-json\/wp\/v2\/categories?post=215797"},{"taxonomy":"post_tag","embeddable":true,"href":"https:\/\/szulokhaza.hu\/kelenvolgy\/wp-json\/wp\/v2\/tags?post=215797"}],"curies":[{"name":"wp","href":"https:\/\/api.w.org\/{rel}","templated":true}]}}