{"id":215833,"date":"2022-07-18T17:37:30","date_gmt":"2022-07-18T15:37:30","guid":{"rendered":"https:\/\/szulokhaza.hu\/kelenvolgy\/?p=215833"},"modified":"2022-08-01T16:39:52","modified_gmt":"2022-08-01T14:39:52","slug":"%f0%9f%8e%aacirkuszi-het-a-taborban%f0%9f%8e%aa","status":"publish","type":"post","link":"https:\/\/szulokhaza.hu\/kelenvolgy\/%f0%9f%8e%aacirkuszi-het-a-taborban%f0%9f%8e%aa\/","title":{"rendered":"\ud83c\udfaaCirkuszi h\u00e9t a t\u00e1borban\ud83c\udfaa"},"content":{"rendered":"<p>[et_pb_section fb_built=&#8221;1&#8243; _builder_version=&#8221;4.17.6&#8243; _module_preset=&#8221;default&#8221; global_colors_info=&#8221;{}&#8221;][et_pb_row _builder_version=&#8221;4.17.6&#8243; _module_preset=&#8221;default&#8221; global_colors_info=&#8221;{}&#8221;][et_pb_column type=&#8221;4_4&#8243; _builder_version=&#8221;4.17.6&#8243; _module_preset=&#8221;default&#8221; global_colors_info=&#8221;{}&#8221;][et_pb_text admin_label=&#8221;H\u00e9tf\u0151n&#8221; _builder_version=&#8221;4.17.6&#8243; _module_preset=&#8221;default&#8221; hover_enabled=&#8221;0&#8243; global_colors_info=&#8221;{}&#8221; sticky_enabled=&#8221;0&#8243;]<\/p>\n<p style=\"text-align: justify;\">A Napk\u00f6zis t\u00e1borunk k\u00f6vetkez\u0151 \u00e1llom\u00e1sa a Cirkuszi h\u00e9t volt, melyre a a Sz\u00fcl\u0151k H\u00e1za K\u00f6zhaszn\u00fa Alap\u00edtv\u00e1ny t\u00e1mogat\u00e1sa alatt \u00e1ll\u00f3 ukr\u00e1n gyerek is csatlakoztak.\u00a0 A kommunik\u00e1ci\u00f3t tolm\u00e1cs seg\u00edts\u00e9g\u00e9vel oldottuk meg. <span style=\"color: #e8610d;\"><strong>H\u00e9tf\u0151n<\/strong><\/span> egy gyors ismerked\u00e9s ut\u00e1n a szok\u00e1sos h\u00e9t ind\u00edt\u00f3val kezdve csapatokat v\u00e1lasztottak a gyerekek, mivel most nagyobb volt a l\u00e9tsz\u00e1m 3 csapatot hoztak l\u00e9tre. Az <span style=\"color: #488fdb;\"><strong>Akrobat\u00e1k<\/strong><\/span>, a <span style=\"color: #41890d;\"><strong>Boh\u00f3cok<\/strong><\/span> \u00e9s a <strong><span style=\"color: #840096;\">Sziv\u00e1rv\u00e1ny<\/span><\/strong> csapat m\u00e9rte \u00f6ssze \u00fcgyess\u00e9g\u00fcket a h\u00e9t folyam\u00e1n. Elk\u00e9sz\u00fcltek a csapatz\u00e1szl\u00f3k, a pont gy\u0171jt\u0151 f\u00fczetek \u00e9s term\u00e9szetesen mindegyik csapat bemutatkozott az \u00e1ltala l\u00e9trehozott csapat indul\u00f3val, mes\u00e9vel vagy \u00e9pp verssel. Remek\u00fcl ment mindenkinek a csapat munka \u00e9s a napv\u00e9g\u00e9re zsongl\u0151r mutatv\u00e1nyokat is gyakoroltak.<\/p>\n<p>[\/et_pb_text][\/et_pb_column][\/et_pb_row][et_pb_row column_structure=&#8221;1_4,1_4,1_4,1_4&#8243; _builder_version=&#8221;4.17.6&#8243; _module_preset=&#8221;default&#8221; global_colors_info=&#8221;{}&#8221;][et_pb_column type=&#8221;1_4&#8243; _builder_version=&#8221;4.17.6&#8243; _module_preset=&#8221;default&#8221; global_colors_info=&#8221;{}&#8221;][et_pb_image src=&#8221;https:\/\/szulokhaza.hu\/kelenvolgy\/wp-content\/uploads\/2022\/07\/Hetfo-5.jpg&#8221; title_text=&#8221;H\u00e9tf\u0151 5&#8243; _builder_version=&#8221;4.17.6&#8243; _module_preset=&#8221;default&#8221; global_colors_info=&#8221;{}&#8221;][\/et_pb_image][\/et_pb_column][et_pb_column type=&#8221;1_4&#8243; _builder_version=&#8221;4.17.6&#8243; _module_preset=&#8221;default&#8221; global_colors_info=&#8221;{}&#8221;][et_pb_image src=&#8221;https:\/\/szulokhaza.hu\/kelenvolgy\/wp-content\/uploads\/2022\/07\/Hetfo-4.jpg&#8221; title_text=&#8221;H\u00e9tf\u0151 4&#8243; _builder_version=&#8221;4.17.6&#8243; _module_preset=&#8221;default&#8221; global_colors_info=&#8221;{}&#8221;][\/et_pb_image][\/et_pb_column][et_pb_column type=&#8221;1_4&#8243; _builder_version=&#8221;4.17.6&#8243; _module_preset=&#8221;default&#8221; global_colors_info=&#8221;{}&#8221;][et_pb_image src=&#8221;https:\/\/szulokhaza.hu\/kelenvolgy\/wp-content\/uploads\/2022\/07\/Hetfo-7.jpg&#8221; title_text=&#8221;H\u00e9tf\u0151 7&#8243; _builder_version=&#8221;4.17.6&#8243; _module_preset=&#8221;default&#8221; global_colors_info=&#8221;{}&#8221;][\/et_pb_image][\/et_pb_column][et_pb_column type=&#8221;1_4&#8243; _builder_version=&#8221;4.17.6&#8243; _module_preset=&#8221;default&#8221; global_colors_info=&#8221;{}&#8221;][et_pb_image src=&#8221;https:\/\/szulokhaza.hu\/kelenvolgy\/wp-content\/uploads\/2022\/07\/Hetfo-3.jpg&#8221; title_text=&#8221;H\u00e9tf\u0151 3&#8243; _builder_version=&#8221;4.17.6&#8243; _module_preset=&#8221;default&#8221; global_colors_info=&#8221;{}&#8221;][\/et_pb_image][\/et_pb_column][\/et_pb_row][et_pb_row _builder_version=&#8221;4.17.6&#8243; _module_preset=&#8221;default&#8221; global_colors_info=&#8221;{}&#8221;][et_pb_column type=&#8221;4_4&#8243; _builder_version=&#8221;4.17.6&#8243; _module_preset=&#8221;default&#8221; global_colors_info=&#8221;{}&#8221;][et_pb_text admin_label=&#8221;Kedd&#8221; _builder_version=&#8221;4.17.6&#8243; _module_preset=&#8221;default&#8221; global_colors_info=&#8221;{}&#8221;]<\/p>\n<p><span style=\"color: #c60260;\"><strong>Kedden<\/strong><\/span> a gyerekek kreat\u00edv foglalkoz\u00e1son elk\u00e9sz\u00edtett\u00e9k a cirkuszok szerepl\u0151it pap\u00edrt\u00e1ny\u00e9r, sz\u00ednespap\u00edrok \u00e9s egy\u00e9b anyagok felhaszn\u00e1l\u00e1s\u00e1val, ez ut\u00e1n pedig egy sz\u00e9d\u00fcletes akad\u00e1lyverseny k\u00f6vetkezett, ahol kiv\u00e9tel n\u00e9lk\u00fcl mindenkib\u0151l el\u0151j\u00f6tt a versenyszellem. Kicsik \u00e9s nagyok egyar\u00e1nt \u00e9lvezt\u00e9k a j\u00e1t\u00e9kot, \u00e9s a feladatok v\u00e9gezt\u00e9vel a csapatok is \u00f6ssz\u00e9bb kov\u00e1csol\u00f3dtak.<\/p>\n<p>[\/et_pb_text][\/et_pb_column][\/et_pb_row][et_pb_row column_structure=&#8221;1_4,1_4,1_4,1_4&#8243; _builder_version=&#8221;4.17.6&#8243; _module_preset=&#8221;default&#8221; global_colors_info=&#8221;{}&#8221;][et_pb_column type=&#8221;1_4&#8243; _builder_version=&#8221;4.17.6&#8243; _module_preset=&#8221;default&#8221; global_colors_info=&#8221;{}&#8221;][et_pb_image src=&#8221;https:\/\/szulokhaza.hu\/kelenvolgy\/wp-content\/uploads\/2022\/07\/Kedd-3.jpg&#8221; title_text=&#8221;Kedd 3&#8243; _builder_version=&#8221;4.17.6&#8243; _module_preset=&#8221;default&#8221; global_colors_info=&#8221;{}&#8221;][\/et_pb_image][\/et_pb_column][et_pb_column type=&#8221;1_4&#8243; _builder_version=&#8221;4.17.6&#8243; _module_preset=&#8221;default&#8221; global_colors_info=&#8221;{}&#8221;][et_pb_image src=&#8221;https:\/\/szulokhaza.hu\/kelenvolgy\/wp-content\/uploads\/2022\/07\/Kedd-2.jpg&#8221; title_text=&#8221;Kedd 2&#8243; _builder_version=&#8221;4.17.6&#8243; _module_preset=&#8221;default&#8221; global_colors_info=&#8221;{}&#8221;][\/et_pb_image][\/et_pb_column][et_pb_column type=&#8221;1_4&#8243; _builder_version=&#8221;4.17.6&#8243; _module_preset=&#8221;default&#8221; global_colors_info=&#8221;{}&#8221;][et_pb_image src=&#8221;https:\/\/szulokhaza.hu\/kelenvolgy\/wp-content\/uploads\/2022\/07\/Kedd-9.jpg&#8221; title_text=&#8221;Kedd 9&#8243; _builder_version=&#8221;4.17.6&#8243; _module_preset=&#8221;default&#8221; global_colors_info=&#8221;{}&#8221;][\/et_pb_image][\/et_pb_column][et_pb_column type=&#8221;1_4&#8243; _builder_version=&#8221;4.17.6&#8243; _module_preset=&#8221;default&#8221; global_colors_info=&#8221;{}&#8221;][et_pb_image src=&#8221;https:\/\/szulokhaza.hu\/kelenvolgy\/wp-content\/uploads\/2022\/07\/Kedd-10.jpg&#8221; title_text=&#8221;Kedd 10&#8243; _builder_version=&#8221;4.17.6&#8243; _module_preset=&#8221;default&#8221; global_colors_info=&#8221;{}&#8221;][\/et_pb_image][\/et_pb_column][\/et_pb_row][et_pb_row _builder_version=&#8221;4.17.6&#8243; _module_preset=&#8221;default&#8221; global_colors_info=&#8221;{}&#8221;][et_pb_column type=&#8221;4_4&#8243; _builder_version=&#8221;4.17.6&#8243; _module_preset=&#8221;default&#8221; global_colors_info=&#8221;{}&#8221;][et_pb_text admin_label=&#8221;Szerda&#8221; _builder_version=&#8221;4.17.6&#8243; _module_preset=&#8221;default&#8221; custom_padding=&#8221;0px|||||&#8221; global_colors_info=&#8221;{}&#8221;]<\/p>\n<p><span style=\"color: #93c91e;\"><strong>Szerda<\/strong><\/span> d\u00e9lel\u0151tt a kv\u00edz b\u0171v\u00f6let\u00e9ben indult \u00e9s a napk\u00f6zis t\u00e1bor ter\u00fclet\u00e9n elrejtett cirkuszi kv\u00edz k\u00e9rd\u00e9sekre kellett v\u00e1laszolnia k\u00fcl\u00f6n-k\u00fcl\u00f6n a csapatoknak. Sok-sok lehet\u0151s\u00e9ggel a pecs\u00e9tszerz\u00e9sre. Az eb\u00e9d ut\u00e1ni h\u0171s\u00edt\u0151 j\u00e9gr\u00e9m \u00e9s a legjobban v\u00e1rt medenc\u00e9z\u00e9s megkoron\u00e1zta a napot.<\/p>\n<p>[\/et_pb_text][\/et_pb_column][\/et_pb_row][et_pb_row column_structure=&#8221;1_4,1_4,1_4,1_4&#8243; _builder_version=&#8221;4.17.6&#8243; _module_preset=&#8221;default&#8221; global_colors_info=&#8221;{}&#8221;][et_pb_column type=&#8221;1_4&#8243; _builder_version=&#8221;4.17.6&#8243; _module_preset=&#8221;default&#8221; global_colors_info=&#8221;{}&#8221;][et_pb_image src=&#8221;https:\/\/szulokhaza.hu\/kelenvolgy\/wp-content\/uploads\/2022\/07\/Kedd6.jpg&#8221; title_text=&#8221;Kedd6&#8243; _builder_version=&#8221;4.17.6&#8243; _module_preset=&#8221;default&#8221; global_colors_info=&#8221;{}&#8221;][\/et_pb_image][\/et_pb_column][et_pb_column type=&#8221;1_4&#8243; _builder_version=&#8221;4.17.6&#8243; _module_preset=&#8221;default&#8221; global_colors_info=&#8221;{}&#8221;][et_pb_image src=&#8221;https:\/\/szulokhaza.hu\/kelenvolgy\/wp-content\/uploads\/2022\/07\/szerda-2.jpg&#8221; title_text=&#8221;szerda 2&#8243; _builder_version=&#8221;4.17.6&#8243; _module_preset=&#8221;default&#8221; global_colors_info=&#8221;{}&#8221;][\/et_pb_image][\/et_pb_column][et_pb_column type=&#8221;1_4&#8243; _builder_version=&#8221;4.17.6&#8243; _module_preset=&#8221;default&#8221; global_colors_info=&#8221;{}&#8221;][et_pb_image src=&#8221;https:\/\/szulokhaza.hu\/kelenvolgy\/wp-content\/uploads\/2022\/07\/szerda-3.jpg&#8221; title_text=&#8221;szerda 3&#8243; _builder_version=&#8221;4.17.6&#8243; _module_preset=&#8221;default&#8221; global_colors_info=&#8221;{}&#8221;][\/et_pb_image][\/et_pb_column][et_pb_column type=&#8221;1_4&#8243; _builder_version=&#8221;4.17.6&#8243; _module_preset=&#8221;default&#8221; global_colors_info=&#8221;{}&#8221;][et_pb_image src=&#8221;https:\/\/szulokhaza.hu\/kelenvolgy\/wp-content\/uploads\/2022\/07\/szerda-1.jpg&#8221; title_text=&#8221;szerda 1&#8243; _builder_version=&#8221;4.17.6&#8243; _module_preset=&#8221;default&#8221; global_colors_info=&#8221;{}&#8221;][\/et_pb_image][\/et_pb_column][\/et_pb_row][et_pb_row _builder_version=&#8221;4.17.6&#8243; _module_preset=&#8221;default&#8221; global_colors_info=&#8221;{}&#8221;][et_pb_column type=&#8221;4_4&#8243; _builder_version=&#8221;4.17.6&#8243; _module_preset=&#8221;default&#8221; global_colors_info=&#8221;{}&#8221;][et_pb_text admin_label=&#8221;cs\u00fct\u00f6rt\u00f6k&#8221; _builder_version=&#8221;4.17.6&#8243; _module_preset=&#8221;default&#8221; custom_padding=&#8221;0px|||||&#8221; global_colors_info=&#8221;{}&#8221;]<\/p>\n<p>A h\u00e9t legmelegebb napj\u00e1n, <span style=\"color: #e50649;\"><strong>cs\u00fct\u00f6rt\u00f6k\u00f6n<\/strong><\/span> a gyerekek, akik az\u00f3ta m\u00e1r k\u00e9sz kis artist\u00e1v\u00e1 fejl\u0151dtek a medenc\u00e9ben kezdt\u00e9k a napot, d\u00e9lut\u00e1n pedig egy b\u0171v\u00e9sz l\u00e1togatott el a t\u00e1borba \u00e9s \u00e9rdekes produkci\u00f3j\u00e1val teljesen lek\u00f6t\u00f6tte a gyermekek figyelm\u00e9t. Voltak, akik azonnal kedvet \u00e9reztek b\u0171v\u00e9szked\u00e9shez \u00e9s r\u00e9szt is vettek a produkci\u00f3ban.<\/p>\n<p>[\/et_pb_text][\/et_pb_column][\/et_pb_row][et_pb_row column_structure=&#8221;1_4,1_4,1_4,1_4&#8243; _builder_version=&#8221;4.17.6&#8243; _module_preset=&#8221;default&#8221; global_colors_info=&#8221;{}&#8221;][et_pb_column type=&#8221;1_4&#8243; _builder_version=&#8221;4.17.6&#8243; _module_preset=&#8221;default&#8221; global_colors_info=&#8221;{}&#8221;][et_pb_image src=&#8221;https:\/\/szulokhaza.hu\/kelenvolgy\/wp-content\/uploads\/2022\/07\/csutortok-4.jpg&#8221; title_text=&#8221;cs\u00fct\u00f6rt\u00f6k 4&#8243; _builder_version=&#8221;4.17.6&#8243; _module_preset=&#8221;default&#8221; global_colors_info=&#8221;{}&#8221;][\/et_pb_image][\/et_pb_column][et_pb_column type=&#8221;1_4&#8243; _builder_version=&#8221;4.17.6&#8243; _module_preset=&#8221;default&#8221; global_colors_info=&#8221;{}&#8221;][et_pb_image src=&#8221;https:\/\/szulokhaza.hu\/kelenvolgy\/wp-content\/uploads\/2022\/07\/csutortok-3.jpg&#8221; title_text=&#8221;cs\u00fct\u00f6rt\u00f6k 3&#8243; _builder_version=&#8221;4.17.6&#8243; _module_preset=&#8221;default&#8221; global_colors_info=&#8221;{}&#8221;][\/et_pb_image][\/et_pb_column][et_pb_column type=&#8221;1_4&#8243; _builder_version=&#8221;4.17.6&#8243; _module_preset=&#8221;default&#8221; global_colors_info=&#8221;{}&#8221;][et_pb_image src=&#8221;https:\/\/szulokhaza.hu\/kelenvolgy\/wp-content\/uploads\/2022\/07\/csutortok-2.jpg&#8221; title_text=&#8221;cs\u00fct\u00f6rt\u00f6k 2&#8243; _builder_version=&#8221;4.17.6&#8243; _module_preset=&#8221;default&#8221; global_colors_info=&#8221;{}&#8221;][\/et_pb_image][\/et_pb_column][et_pb_column type=&#8221;1_4&#8243; _builder_version=&#8221;4.17.6&#8243; _module_preset=&#8221;default&#8221; global_colors_info=&#8221;{}&#8221;][et_pb_image src=&#8221;https:\/\/szulokhaza.hu\/kelenvolgy\/wp-content\/uploads\/2022\/07\/csutortok-1.jpg&#8221; title_text=&#8221;cs\u00fct\u00f6rt\u00f6k 1&#8243; _builder_version=&#8221;4.17.6&#8243; _module_preset=&#8221;default&#8221; global_colors_info=&#8221;{}&#8221;][\/et_pb_image][\/et_pb_column][\/et_pb_row][et_pb_row _builder_version=&#8221;4.17.6&#8243; _module_preset=&#8221;default&#8221; global_colors_info=&#8221;{}&#8221;][et_pb_column type=&#8221;4_4&#8243; _builder_version=&#8221;4.17.6&#8243; _module_preset=&#8221;default&#8221; global_colors_info=&#8221;{}&#8221;][et_pb_text admin_label=&#8221;p\u00e9ntek&#8221; _builder_version=&#8221;4.17.6&#8243; _module_preset=&#8221;default&#8221; global_colors_info=&#8221;{}&#8221;]<\/p>\n<p>A b\u00facs\u00fa napot,<span style=\"color: #f2430e;\"><strong> p\u00e9nteken<\/strong><\/span> a kos\u00e1rladba p\u00e1ly\u00e1n zen\u00e9s-t\u00e1ncos \u00e9s sportos hangulatban t\u00f6lt\u00f6tt\u00fck.\u00a0 A p\u00e1lya egyik fel\u00e9ben sportos fealdatokban lehetett \u00fcgyeskedni pl.: kos\u00e1rra dob\u00e1s, bowling, m\u00edg a m\u00e1sik fel\u00e9ben a t\u00e1ncosl\u00e1b\u00faak bontakozhattak ki. K\u00f6z\u00f6s kedvenc a limb\u00f3z\u00e1s \u00e9s felejthetetlen koreogr\u00e1fi\u00e1j\u00fa macarena. A p\u00e9nteki eredm\u00e9nyhirdet\u00e9s v\u00e1ratlan eredm\u00e9nye a h\u00e1rmas holtverseny kialakul\u00e1sa volt. Nagyon j\u00f3 hangulatban telt az eg\u00e9sz h\u00e9t, a gyerekek j\u00f3l \u00e9rezt\u00e9k magukat, a verseny eredm\u00e9ny\u00e9rt kapott t\u00e1bori csemege, az oklev\u00e9l \u00e9s a mindenkit \u00e1br\u00e1zol\u00f3 csoportk\u00e9p pedig eml\u00e9ket \u00e1ll\u00edtott az egy\u00fctt t\u00f6lt\u00f6tt id\u0151nek.<\/p>\n<p>[\/et_pb_text][\/et_pb_column][\/et_pb_row][et_pb_row column_structure=&#8221;1_4,1_4,1_4,1_4&#8243; _builder_version=&#8221;4.17.6&#8243; _module_preset=&#8221;default&#8221; global_colors_info=&#8221;{}&#8221;][et_pb_column type=&#8221;1_4&#8243; _builder_version=&#8221;4.17.6&#8243; _module_preset=&#8221;default&#8221; global_colors_info=&#8221;{}&#8221;][et_pb_image src=&#8221;https:\/\/szulokhaza.hu\/kelenvolgy\/wp-content\/uploads\/2022\/07\/Kedd-1.jpg&#8221; title_text=&#8221;Kedd 1&#8243; _builder_version=&#8221;4.17.6&#8243; _module_preset=&#8221;default&#8221; global_colors_info=&#8221;{}&#8221;][\/et_pb_image][\/et_pb_column][et_pb_column type=&#8221;1_4&#8243; _builder_version=&#8221;4.17.6&#8243; _module_preset=&#8221;default&#8221; global_colors_info=&#8221;{}&#8221;][et_pb_image src=&#8221;https:\/\/szulokhaza.hu\/kelenvolgy\/wp-content\/uploads\/2022\/07\/Cirkuszi-het.jpg&#8221; title_text=&#8221;Cirkuszi h\u00e9t&#8221; _builder_version=&#8221;4.17.6&#8243; _module_preset=&#8221;default&#8221; global_colors_info=&#8221;{}&#8221;][\/et_pb_image][\/et_pb_column][et_pb_column type=&#8221;1_4&#8243; _builder_version=&#8221;4.17.6&#8243; _module_preset=&#8221;default&#8221; global_colors_info=&#8221;{}&#8221;][et_pb_image src=&#8221;https:\/\/szulokhaza.hu\/kelenvolgy\/wp-content\/uploads\/2022\/07\/cirkuszi-het-3.jpg&#8221; title_text=&#8221;cirkuszi h\u00e9t 3&#8243; _builder_version=&#8221;4.17.6&#8243; _module_preset=&#8221;default&#8221; global_colors_info=&#8221;{}&#8221;][\/et_pb_image][\/et_pb_column][et_pb_column type=&#8221;1_4&#8243; _builder_version=&#8221;4.17.6&#8243; _module_preset=&#8221;default&#8221; global_colors_info=&#8221;{}&#8221;][et_pb_image src=&#8221;https:\/\/szulokhaza.hu\/kelenvolgy\/wp-content\/uploads\/2022\/07\/Hetfo-2.jpg&#8221; title_text=&#8221;H\u00e9tf\u0151 2&#8243; _builder_version=&#8221;4.17.6&#8243; _module_preset=&#8221;default&#8221; global_colors_info=&#8221;{}&#8221;][\/et_pb_image][\/et_pb_column][\/et_pb_row][et_pb_row _builder_version=&#8221;4.17.6&#8243; _module_preset=&#8221;default&#8221; global_colors_info=&#8221;{}&#8221;][et_pb_column type=&#8221;4_4&#8243; _builder_version=&#8221;4.17.6&#8243; _module_preset=&#8221;default&#8221; global_colors_info=&#8221;{}&#8221;][et_pb_text _builder_version=&#8221;4.17.6&#8243; _module_preset=&#8221;default&#8221; global_colors_info=&#8221;{}&#8221;]<\/p>\n<p>A t\u00e1bor Cirkuszi het\u00e9r\u0151l tov\u00e1bbi k\u00e9pek el\u00e9rhet\u0151ek a Gal\u00e9ria K\u00e9pek men\u00fcben \u2026<\/p>\n<p>[\/et_pb_text][\/et_pb_column][\/et_pb_row][\/et_pb_section]<\/p>\n","protected":false},"excerpt":{"rendered":"<p>A Napk\u00f6zis t\u00e1borunk k\u00f6vetkez\u0151 \u00e1llom\u00e1sa a Cirkuszi h\u00e9t volt, melyre a a Sz\u00fcl\u0151k H\u00e1za K\u00f6zhaszn\u00fa Alap\u00edtv\u00e1ny t\u00e1mogat\u00e1sa alatt \u00e1ll\u00f3 ukr\u00e1n gyerek is csatlakoztak.\u00a0 A kommunik\u00e1ci\u00f3t tolm\u00e1cs seg\u00edts\u00e9g\u00e9vel oldottuk meg. H\u00e9tf\u0151n egy gyors ismerked\u00e9s ut\u00e1n a szok\u00e1sos h\u00e9t ind\u00edt\u00f3val kezdve csapatokat v\u00e1lasztottak a gyerekek, mivel most nagyobb volt a l\u00e9tsz\u00e1m 3 csapatot hoztak l\u00e9tre. Az Akrobat\u00e1k, [&hellip;]<\/p>\n","protected":false},"author":8,"featured_media":215838,"comment_status":"open","ping_status":"open","sticky":false,"template":"","format":"standard","meta":{"_seopress_robots_primary_cat":"none","_seopress_titles_title":"Cirkuszi h\u00e9t a t\u00e1borban","_seopress_titles_desc":"A Napk\u00f6zis t\u00e1borunk k\u00f6vetkez\u0151 \u00e1llom\u00e1sa a Cirkuszi h\u00e9t volt... Az Akrobat\u00e1k, a Boh\u00f3cok \u00e9s a Sziv\u00e1rv\u00e1ny csapat m\u00e9rte \u00f6ssze \u00fcgyess\u00e9g\u00fcket a h\u00e9t folyam\u00e1n ...","_seopress_robots_index":"","_et_pb_use_builder":"on","_et_pb_old_content":"","_et_gb_content_width":"","footnotes":""},"categories":[12],"tags":[31,36,27,28,11,10],"class_list":["post-215833","post","type-post","status-publish","format-standard","has-post-thumbnail","hentry","category-szh","tag-2022-kamaraerdo","tag-cirkuszi-het","tag-kamaraerdo","tag-napkozis-tabor","tag-szulok-haza-csaladi-kozpont-es-bolcsode-halozat","tag-szulok-haza-kozhasznu-alapitvany"],"_links":{"self":[{"href":"https:\/\/szulokhaza.hu\/kelenvolgy\/wp-json\/wp\/v2\/posts\/215833","targetHints":{"allow":["GET"]}}],"collection":[{"href":"https:\/\/szulokhaza.hu\/kelenvolgy\/wp-json\/wp\/v2\/posts"}],"about":[{"href":"https:\/\/szulokhaza.hu\/kelenvolgy\/wp-json\/wp\/v2\/types\/post"}],"author":[{"embeddable":true,"href":"https:\/\/szulokhaza.hu\/kelenvolgy\/wp-json\/wp\/v2\/users\/8"}],"replies":[{"embeddable":true,"href":"https:\/\/szulokhaza.hu\/kelenvolgy\/wp-json\/wp\/v2\/comments?post=215833"}],"version-history":[{"count":9,"href":"https:\/\/szulokhaza.hu\/kelenvolgy\/wp-json\/wp\/v2\/posts\/215833\/revisions"}],"predecessor-version":[{"id":215981,"href":"https:\/\/szulokhaza.hu\/kelenvolgy\/wp-json\/wp\/v2\/posts\/215833\/revisions\/215981"}],"wp:featuredmedia":[{"embeddable":true,"href":"https:\/\/szulokhaza.hu\/kelenvolgy\/wp-json\/wp\/v2\/media\/215838"}],"wp:attachment":[{"href":"https:\/\/szulokhaza.hu\/kelenvolgy\/wp-json\/wp\/v2\/media?parent=215833"}],"wp:term":[{"taxonomy":"category","embeddable":true,"href":"https:\/\/szulokhaza.hu\/kelenvolgy\/wp-json\/wp\/v2\/categories?post=215833"},{"taxonomy":"post_tag","embeddable":true,"href":"https:\/\/szulokhaza.hu\/kelenvolgy\/wp-json\/wp\/v2\/tags?post=215833"}],"curies":[{"name":"wp","href":"https:\/\/api.w.org\/{rel}","templated":true}]}}