{"id":215880,"date":"2022-07-25T17:12:31","date_gmt":"2022-07-25T15:12:31","guid":{"rendered":"https:\/\/szulokhaza.hu\/kelenvolgy\/?p=215880"},"modified":"2022-07-25T17:12:35","modified_gmt":"2022-07-25T15:12:35","slug":"csaladokbol-kozosseget-hatarainkon-innen-es-tul-erdelyben-jart-a-szulok-haza-alapitvany","status":"publish","type":"post","link":"https:\/\/szulokhaza.hu\/kelenvolgy\/csaladokbol-kozosseget-hatarainkon-innen-es-tul-erdelyben-jart-a-szulok-haza-alapitvany\/","title":{"rendered":"Csal\u00e1dokb\u00f3l k\u00f6z\u00f6ss\u00e9get hat\u00e1rainkon innen \u00e9s t\u00fal \u2013 Erd\u00e9lyben j\u00e1rt a Sz\u00fcl\u0151k H\u00e1za Alap\u00edtv\u00e1ny"},"content":{"rendered":"<p>[et_pb_section fb_built=&#8221;1&#8243; _builder_version=&#8221;4.17.6&#8243; _module_preset=&#8221;default&#8221; global_colors_info=&#8221;{}&#8221;][et_pb_row _builder_version=&#8221;4.17.6&#8243; _module_preset=&#8221;default&#8221; global_colors_info=&#8221;{}&#8221;][et_pb_column type=&#8221;4_4&#8243; _builder_version=&#8221;4.17.6&#8243; _module_preset=&#8221;default&#8221; global_colors_info=&#8221;{}&#8221;][et_pb_text _builder_version=&#8221;4.17.6&#8243; _module_preset=&#8221;default&#8221; global_colors_info=&#8221;{}&#8221;]<\/p>\n<p style=\"text-align: center;\"><img loading=\"lazy\" decoding=\"async\" class=\"wp-image-215884 size-medium alignleft\" src=\"https:\/\/szulokhaza.hu\/kelenvolgy\/wp-content\/uploads\/2022\/07\/Marton-Zsuzsanna-es-Regos-Judit-225x300.jpg\" alt=\"\" width=\"225\" height=\"300\" srcset=\"https:\/\/szulokhaza.hu\/kelenvolgy\/wp-content\/uploads\/2022\/07\/Marton-Zsuzsanna-es-Regos-Judit-225x300.jpg 225w, https:\/\/szulokhaza.hu\/kelenvolgy\/wp-content\/uploads\/2022\/07\/Marton-Zsuzsanna-es-Regos-Judit-rotated.jpg 378w\" sizes=\"(max-width: 225px) 100vw, 225px\" \/>A Sz\u00fcl\u0151k H\u00e1za Alap\u00edtv\u00e1ny eln\u00f6ke Reg\u0151s Judit, a K\u00e1rp\u00e1t-medencei Csal\u00e1dszervezetek Sz\u00f6vets\u00e9g\u00e9nek (KCSSZ) megh\u00edv\u00e1s\u00e1ra, a B\u00e1lv\u00e1nyosi Szabadegyetemen, Tusv\u00e1nyoson mutatta be a Sz\u00fcl\u0151k H\u00e1za programot.<\/p>\n<p style=\"text-align: center;\">Az el\u0151ad\u00e1sra a Cs\u00edki any\u00e1k s\u00e1tr\u00e1ban ker\u00fclt sor. A bemutatkoz\u00e1st nagy \u00e9rdekl\u0151d\u00e9s fogadta, melynek sor\u00e1n felmer\u00fclt annak a lehet\u0151s\u00e9ge, hogy a Sz\u00fcl\u0151k H\u00e1za program el\u00e9rhet\u0151v\u00e9 v\u00e1ljon a k\u00e1rp\u00e1t-medencei csal\u00e1dok sz\u00e1m\u00e1ra is. El\u0151seg\u00edtve ezzel is az anyaorsz\u00e1g \u00e9s a k\u00fclhoni magyars\u00e1g \u00f6sszetartoz\u00e1s\u00e1t.<\/p>\n<p style=\"text-align: center;\"><strong>Marton Zsuzsanna<\/strong> a <em>K\u00e1rp\u00e1t-medencei Csal\u00e1dszervezetek Sz\u00f6vets\u00e9g\u00e9nek eln\u00f6ke<\/em> elmondta, hogy nyitott arra, hogy partner legyen ebben a befogad\u00f3 szeml\u00e9let\u0171 programnak a K\u00e1rp\u00e1t-medencei meghonos\u00edt\u00e1s\u00e1ban. Melynek l\u00e9nyege, hogy a csal\u00e1dokb\u00f3l k\u00f6z\u00f6ss\u00e9get \u00e9p\u00edt \u00e9s a helyi sz\u00fcks\u00e9gletekre alapozva k\u00edn\u00e1l lok\u00e1lis megold\u00e1sokat, de biztos\u00edtva a h\u00e1l\u00f3zat \u00e1ltal ny\u00fajtott szakmai \u00e9s egy\u00e9b k\u00f6zponti egy\u00fcttm\u0171k\u00f6d\u00e9sekb\u0151l ad\u00f3d\u00f3 seg\u00edts\u00e9get. A konkr\u00e9t megval\u00f3s\u00edt\u00e1sr\u00f3l a p\u00e1rbesz\u00e9d megkezd\u0151d\u00f6tt \u00e9s b\u00edzunk benne, hogy hamarosan a Sz\u00fcl\u0151k H\u00e1za Csal\u00e1d tagjaik\u00e9nt \u00fcdv\u00f6z\u00f6lhetj\u00fck a k\u00e1rp\u00e1t-medencei magyar csal\u00e1dokat is.<\/p>\n<p>[\/et_pb_text][\/et_pb_column][\/et_pb_row][et_pb_row column_structure=&#8221;1_4,1_4,1_4,1_4&#8243; _builder_version=&#8221;4.17.6&#8243; _module_preset=&#8221;default&#8221; global_colors_info=&#8221;{}&#8221;][et_pb_column type=&#8221;1_4&#8243; _builder_version=&#8221;4.17.6&#8243; _module_preset=&#8221;default&#8221; global_colors_info=&#8221;{}&#8221;][et_pb_image src=&#8221;https:\/\/szulokhaza.hu\/kelenvolgy\/wp-content\/uploads\/2022\/07\/Tusvanyos-rotated.jpg&#8221; title_text=&#8221;Tusv\u00e1nyos&#8221; _builder_version=&#8221;4.17.6&#8243; _module_preset=&#8221;default&#8221; global_colors_info=&#8221;{}&#8221;][\/et_pb_image][\/et_pb_column][et_pb_column type=&#8221;1_4&#8243; _builder_version=&#8221;4.17.6&#8243; _module_preset=&#8221;default&#8221; global_colors_info=&#8221;{}&#8221;][et_pb_image src=&#8221;https:\/\/szulokhaza.hu\/kelenvolgy\/wp-content\/uploads\/2022\/07\/Csiki-anyukak-es-Regos-Judit.jpg&#8221; title_text=&#8221;Cs\u00edki anyuk\u00e1k \u00e9s Reg\u0151s Judit&#8221; _builder_version=&#8221;4.17.6&#8243; _module_preset=&#8221;default&#8221; global_colors_info=&#8221;{}&#8221;][\/et_pb_image][\/et_pb_column][et_pb_column type=&#8221;1_4&#8243; _builder_version=&#8221;4.17.6&#8243; _module_preset=&#8221;default&#8221; global_colors_info=&#8221;{}&#8221;][et_pb_image src=&#8221;https:\/\/szulokhaza.hu\/kelenvolgy\/wp-content\/uploads\/2022\/07\/Regos-Judit-eloadas-Tusvanyoson-rotated.jpg&#8221; title_text=&#8221;Reg\u0151s Judit el\u0151ad\u00e1s- Tusv\u00e1nyoson&#8221; _builder_version=&#8221;4.17.6&#8243; _module_preset=&#8221;default&#8221; global_colors_info=&#8221;{}&#8221;][\/et_pb_image][\/et_pb_column][et_pb_column type=&#8221;1_4&#8243; _builder_version=&#8221;4.17.6&#8243; _module_preset=&#8221;default&#8221; global_colors_info=&#8221;{}&#8221;][et_pb_image src=&#8221;https:\/\/szulokhaza.hu\/kelenvolgy\/wp-content\/uploads\/2022\/07\/Regos-Judit-Tusvanyos-rotated.jpg&#8221; title_text=&#8221;Reg\u0151s Judit-Tusv\u00e1nyos&#8221; _builder_version=&#8221;4.17.6&#8243; _module_preset=&#8221;default&#8221; global_colors_info=&#8221;{}&#8221;][\/et_pb_image][\/et_pb_column][\/et_pb_row][\/et_pb_section]<\/p>\n","protected":false},"excerpt":{"rendered":"<p>A Sz\u00fcl\u0151k H\u00e1za Alap\u00edtv\u00e1ny eln\u00f6ke Reg\u0151s Judit, a K\u00e1rp\u00e1t-medencei Csal\u00e1dszervezetek Sz\u00f6vets\u00e9g\u00e9nek (KCSSZ) megh\u00edv\u00e1s\u00e1ra, a B\u00e1lv\u00e1nyosi Szabadegyetemen, Tusv\u00e1nyoson mutatta be a Sz\u00fcl\u0151k H\u00e1za programot. Az el\u0151ad\u00e1sra a Cs\u00edki any\u00e1k s\u00e1tr\u00e1ban ker\u00fclt sor. A bemutatkoz\u00e1st nagy \u00e9rdekl\u0151d\u00e9s fogadta, melynek sor\u00e1n felmer\u00fclt annak a lehet\u0151s\u00e9ge, hogy a Sz\u00fcl\u0151k H\u00e1za program el\u00e9rhet\u0151v\u00e9 v\u00e1ljon a k\u00e1rp\u00e1t-medencei csal\u00e1dok sz\u00e1m\u00e1ra is. El\u0151seg\u00edtve [&hellip;]<\/p>\n","protected":false},"author":8,"featured_media":215882,"comment_status":"open","ping_status":"open","sticky":false,"template":"","format":"standard","meta":{"_seopress_robots_primary_cat":"none","_seopress_titles_title":"","_seopress_titles_desc":"","_seopress_robots_index":"","_et_pb_use_builder":"on","_et_pb_old_content":"","_et_gb_content_width":"","footnotes":""},"categories":[12],"tags":[26,11,10],"class_list":["post-215880","post","type-post","status-publish","format-standard","has-post-thumbnail","hentry","category-szh","tag-szulok-haza-csalad","tag-szulok-haza-csaladi-kozpont-es-bolcsode-halozat","tag-szulok-haza-kozhasznu-alapitvany"],"_links":{"self":[{"href":"https:\/\/szulokhaza.hu\/kelenvolgy\/wp-json\/wp\/v2\/posts\/215880","targetHints":{"allow":["GET"]}}],"collection":[{"href":"https:\/\/szulokhaza.hu\/kelenvolgy\/wp-json\/wp\/v2\/posts"}],"about":[{"href":"https:\/\/szulokhaza.hu\/kelenvolgy\/wp-json\/wp\/v2\/types\/post"}],"author":[{"embeddable":true,"href":"https:\/\/szulokhaza.hu\/kelenvolgy\/wp-json\/wp\/v2\/users\/8"}],"replies":[{"embeddable":true,"href":"https:\/\/szulokhaza.hu\/kelenvolgy\/wp-json\/wp\/v2\/comments?post=215880"}],"version-history":[{"count":3,"href":"https:\/\/szulokhaza.hu\/kelenvolgy\/wp-json\/wp\/v2\/posts\/215880\/revisions"}],"predecessor-version":[{"id":215891,"href":"https:\/\/szulokhaza.hu\/kelenvolgy\/wp-json\/wp\/v2\/posts\/215880\/revisions\/215891"}],"wp:featuredmedia":[{"embeddable":true,"href":"https:\/\/szulokhaza.hu\/kelenvolgy\/wp-json\/wp\/v2\/media\/215882"}],"wp:attachment":[{"href":"https:\/\/szulokhaza.hu\/kelenvolgy\/wp-json\/wp\/v2\/media?parent=215880"}],"wp:term":[{"taxonomy":"category","embeddable":true,"href":"https:\/\/szulokhaza.hu\/kelenvolgy\/wp-json\/wp\/v2\/categories?post=215880"},{"taxonomy":"post_tag","embeddable":true,"href":"https:\/\/szulokhaza.hu\/kelenvolgy\/wp-json\/wp\/v2\/tags?post=215880"}],"curies":[{"name":"wp","href":"https:\/\/api.w.org\/{rel}","templated":true}]}}