{"id":215992,"date":"2022-08-25T17:24:16","date_gmt":"2022-08-25T15:24:16","guid":{"rendered":"https:\/\/szulokhaza.hu\/kelenvolgy\/?p=215992"},"modified":"2022-08-25T17:27:24","modified_gmt":"2022-08-25T15:27:24","slug":"bolcsodei-beszoktatasrol-kiss-rachellel","status":"publish","type":"post","link":"https:\/\/szulokhaza.hu\/kelenvolgy\/bolcsodei-beszoktatasrol-kiss-rachellel\/","title":{"rendered":"B\u00f6lcs\u0151dei beszoktat\u00e1sr\u00f3l Kiss Rachellel"},"content":{"rendered":"<p>[et_pb_section fb_built=&#8221;1&#8243; _builder_version=&#8221;4.18.0&#8243; _module_preset=&#8221;default&#8221; global_colors_info=&#8221;{}&#8221;][et_pb_row column_structure=&#8221;3_4,1_4&#8243; _builder_version=&#8221;4.18.0&#8243; _module_preset=&#8221;default&#8221; global_colors_info=&#8221;{}&#8221;][et_pb_column type=&#8221;3_4&#8243; _builder_version=&#8221;4.18.0&#8243; _module_preset=&#8221;default&#8221; global_colors_info=&#8221;{}&#8221;][et_pb_text _builder_version=&#8221;4.18.0&#8243; _module_preset=&#8221;default&#8221; text_orientation=&#8221;justified&#8221; global_colors_info=&#8221;{}&#8221;]<\/p>\n<p>A Sz\u00fcl\u0151k H\u00e1za Kelenv\u00f6lgy Csal\u00e1di K\u00f6zpontban Reg\u0151s Judit Kiss Rachelt a pelenka.hu szerkeszt\u0151-riporter\u00e9t fogadta, hogy a hamarosan megny\u00edl\u00f3 b\u00f6lcs\u0151d\u00e9ben szem\u00e9lyesen mes\u00e9lhessen a sokakat \u00e9rint\u0151 \u00e9s igen fontos t\u00e9m\u00e1r\u00f3l, az apr\u00f3s\u00e1gaink b\u00f6lcs\u0151dei beszoktat\u00e1sr\u00f3l.<\/p>\n<p>Rachel olyan k\u00e9rd\u00e9seket tett fel Judittnak t\u00f6bbek k\u00f6z\u00f6tt, mint p\u00e9ld\u00e1ul Hogyan szoktassuk be gyermek\u00fcnket a b\u00f6lcs\u0151d\u00e9be \u00fagy, hogy az mindenkinek a lehet\u0151 legjobb legyen? Hogyan v\u00e1lasszunk b\u00f6lcs\u0151d\u00e9t? Mikort\u00f3l \u00edrassuk be a gyermeket? Milyen a j\u00f3 b\u00f6lcs\u0151dei nevel\u0151? Mit vigy\u00fcnk be a b\u00f6lcsibe? Mit tegy\u00fcnk, ha kis bab\u00f3c\u00e1nk keservesen s\u00edrni kezd, amikor ott akarjuk \u0151t hagyni a b\u00f6lcsiben? A Sz\u00fcl\u0151k H\u00e1za Csal\u00e1d megalkot\u00f3ja k\u00e9szs\u00e9gesen v\u00e1laszolt, \u00e9s rem\u00e9lhet\u0151leg seg\u00edtett n\u00e9h\u00e1ny k\u00e9rd\u00e9sben d\u0171l\u0151re jutni.<\/p>\n<p>[\/et_pb_text][\/et_pb_column][et_pb_column type=&#8221;1_4&#8243; _builder_version=&#8221;4.18.0&#8243; _module_preset=&#8221;default&#8221; global_colors_info=&#8221;{}&#8221;][et_pb_image src=&#8221;https:\/\/szulokhaza.hu\/kelenvolgy\/wp-content\/uploads\/2022\/08\/2022.08.19.pelenka.huujpg-1.jpg&#8221; title_text=&#8221;2022.08.19.pelenka.huujpg&#8221; align=&#8221;center&#8221; force_fullwidth=&#8221;on&#8221; _builder_version=&#8221;4.18.0&#8243; _module_preset=&#8221;default&#8221; custom_margin=&#8221;|||-11px||&#8221; global_colors_info=&#8221;{}&#8221;][\/et_pb_image][\/et_pb_column][\/et_pb_row][et_pb_row _builder_version=&#8221;4.18.0&#8243; _module_preset=&#8221;default&#8221; global_colors_info=&#8221;{}&#8221;][et_pb_column type=&#8221;4_4&#8243; _builder_version=&#8221;4.18.0&#8243; _module_preset=&#8221;default&#8221; global_colors_info=&#8221;{}&#8221;][et_pb_text _builder_version=&#8221;4.18.0&#8243; _module_preset=&#8221;default&#8221; text_orientation=&#8221;justified&#8221; global_colors_info=&#8221;{}&#8221;]<\/p>\n<p>Ez a k\u00e9rd\u00e9sk\u00f6r rendszeresen foglalkoztatja a sz\u00fcl\u0151ket, \u00edgy a Sz\u00fcl\u0151k H\u00e1za b\u00f6lcs\u0151d\u00e9inek weboldalain m\u00e1r kor\u00e1bb olvashattatok a t\u00e9m\u00e1val kapcsolatban seg\u00edt\u0151 gondolatokat, melyek a Sz\u00fcl\u0151k H\u00e1za Csal\u00e1d b\u00f6lcs\u0151d\u00e9inek weboldalain\u00a0 a h\u00edr szekci\u00f3j\u00e1ban tal\u00e1lhat\u00f3, mondjuk itt: <a href=\"https:\/\/szulokhaza.hu\/bartokkucko\/beszoktatas-es-siras\/\">https:\/\/szulokhaza.hu\/bartokkucko\/beszoktatas-es-siras\/<\/a><\/p>\n<p>&nbsp;<\/p>\n<p>[\/et_pb_text][\/et_pb_column][\/et_pb_row][et_pb_row column_structure=&#8221;2_3,1_3&#8243; _builder_version=&#8221;4.18.0&#8243; _module_preset=&#8221;default&#8221; global_colors_info=&#8221;{}&#8221;][et_pb_column type=&#8221;2_3&#8243; _builder_version=&#8221;4.18.0&#8243; _module_preset=&#8221;default&#8221; global_colors_info=&#8221;{}&#8221;][et_pb_text _builder_version=&#8221;4.18.0&#8243; _module_preset=&#8221;default&#8221; global_colors_info=&#8221;{}&#8221;]<\/p>\n<p>Ezt a friss felv\u00e9telt pedig az al\u00e1bbi linken a pelenka.hu facebook oldal\u00e1n vagy k\u00f6zvetlen\u00fcl Reg\u0151s Judit \u2013 Napimami k\u00f6z\u00f6ss\u00e9gi oldal\u00e1r\u00f3l n\u00e9zhetitek vissza. A h\u00e1tter\u00e9ben a szemf\u00fclesek pedig a Kelenv\u00f6lgyben ny\u00edl\u00f3 sz\u00e9ps\u00e9ges b\u00f6lcs\u0151d\u00e9nkb\u0151l kaphatnak egy kis \u00edzel\u00edt\u0151 .<\/p>\n<p><a href=\"https:\/\/fb.watch\/f7e2VZvdxJ\/\">https:\/\/fb.watch\/f7e2VZvdxJ\/<\/a><\/p>\n<p>[\/et_pb_text][\/et_pb_column][et_pb_column type=&#8221;1_3&#8243; _builder_version=&#8221;4.18.0&#8243; _module_preset=&#8221;default&#8221; global_colors_info=&#8221;{}&#8221;][et_pb_image src=&#8221;https:\/\/szulokhaza.hu\/kelenvolgy\/wp-content\/uploads\/2022\/08\/2022.08.18.pelenka.hu_.jpg&#8221; title_text=&#8221;2022.08.18.pelenka.hu_&#8221; _builder_version=&#8221;4.18.0&#8243; _module_preset=&#8221;default&#8221; global_colors_info=&#8221;{}&#8221;][\/et_pb_image][\/et_pb_column][\/et_pb_row][\/et_pb_section]<\/p>\n","protected":false},"excerpt":{"rendered":"<p>A Sz\u00fcl\u0151k H\u00e1za Kelenv\u00f6lgy Csal\u00e1di K\u00f6zpontban Reg\u0151s Judit Kiss Rachelt a pelenka.hu szerkeszt\u0151-riporter\u00e9t fogadta, hogy a hamarosan megny\u00edl\u00f3 b\u00f6lcs\u0151d\u00e9ben szem\u00e9lyesen mes\u00e9lhessen a sokakat \u00e9rint\u0151 \u00e9s igen fontos t\u00e9m\u00e1r\u00f3l, az apr\u00f3s\u00e1gaink b\u00f6lcs\u0151dei beszoktat\u00e1sr\u00f3l. Rachel olyan k\u00e9rd\u00e9seket tett fel Judittnak t\u00f6bbek k\u00f6z\u00f6tt, mint p\u00e9ld\u00e1ul Hogyan szoktassuk be gyermek\u00fcnket a b\u00f6lcs\u0151d\u00e9be \u00fagy, hogy az mindenkinek a lehet\u0151 legjobb [&hellip;]<\/p>\n","protected":false},"author":8,"featured_media":216009,"comment_status":"open","ping_status":"open","sticky":false,"template":"","format":"standard","meta":{"_seopress_robots_primary_cat":"none","_seopress_titles_title":"","_seopress_titles_desc":"","_seopress_robots_index":"","_et_pb_use_builder":"on","_et_pb_old_content":"","_et_gb_content_width":"","footnotes":""},"categories":[12],"tags":[],"class_list":["post-215992","post","type-post","status-publish","format-standard","has-post-thumbnail","hentry","category-szh"],"_links":{"self":[{"href":"https:\/\/szulokhaza.hu\/kelenvolgy\/wp-json\/wp\/v2\/posts\/215992","targetHints":{"allow":["GET"]}}],"collection":[{"href":"https:\/\/szulokhaza.hu\/kelenvolgy\/wp-json\/wp\/v2\/posts"}],"about":[{"href":"https:\/\/szulokhaza.hu\/kelenvolgy\/wp-json\/wp\/v2\/types\/post"}],"author":[{"embeddable":true,"href":"https:\/\/szulokhaza.hu\/kelenvolgy\/wp-json\/wp\/v2\/users\/8"}],"replies":[{"embeddable":true,"href":"https:\/\/szulokhaza.hu\/kelenvolgy\/wp-json\/wp\/v2\/comments?post=215992"}],"version-history":[{"count":13,"href":"https:\/\/szulokhaza.hu\/kelenvolgy\/wp-json\/wp\/v2\/posts\/215992\/revisions"}],"predecessor-version":[{"id":216015,"href":"https:\/\/szulokhaza.hu\/kelenvolgy\/wp-json\/wp\/v2\/posts\/215992\/revisions\/216015"}],"wp:featuredmedia":[{"embeddable":true,"href":"https:\/\/szulokhaza.hu\/kelenvolgy\/wp-json\/wp\/v2\/media\/216009"}],"wp:attachment":[{"href":"https:\/\/szulokhaza.hu\/kelenvolgy\/wp-json\/wp\/v2\/media?parent=215992"}],"wp:term":[{"taxonomy":"category","embeddable":true,"href":"https:\/\/szulokhaza.hu\/kelenvolgy\/wp-json\/wp\/v2\/categories?post=215992"},{"taxonomy":"post_tag","embeddable":true,"href":"https:\/\/szulokhaza.hu\/kelenvolgy\/wp-json\/wp\/v2\/tags?post=215992"}],"curies":[{"name":"wp","href":"https:\/\/api.w.org\/{rel}","templated":true}]}}