{"id":216037,"date":"2022-12-08T21:26:50","date_gmt":"2022-12-08T20:26:50","guid":{"rendered":"https:\/\/szulokhaza.hu\/kelenvolgy\/?p=216037"},"modified":"2022-12-12T17:15:17","modified_gmt":"2022-12-12T16:15:17","slug":"szulok-haza-adventi-honap-csaladi-programok","status":"publish","type":"post","link":"https:\/\/szulokhaza.hu\/kelenvolgy\/szulok-haza-adventi-honap-csaladi-programok\/","title":{"rendered":"Sz\u00fcl\u0151k H\u00e1za Adventi H\u00f3nap &#8211; Csal\u00e1di programok"},"content":{"rendered":"<p>[et_pb_section fb_built=&#8221;1&#8243; _builder_version=&#8221;4.16&#8243; global_colors_info=&#8221;{}&#8221;][et_pb_row _builder_version=&#8221;4.16&#8243; background_size=&#8221;initial&#8221; background_position=&#8221;top_left&#8221; background_repeat=&#8221;repeat&#8221; global_colors_info=&#8221;{}&#8221;][et_pb_column type=&#8221;4_4&#8243; _builder_version=&#8221;4.16&#8243; custom_padding=&#8221;|||&#8221; global_colors_info=&#8221;{}&#8221; custom_padding__hover=&#8221;|||&#8221;][et_pb_text _builder_version=&#8221;4.19.2&#8243; background_size=&#8221;initial&#8221; background_position=&#8221;top_left&#8221; background_repeat=&#8221;repeat&#8221; hover_enabled=&#8221;0&#8243; global_colors_info=&#8221;{}&#8221; sticky_enabled=&#8221;0&#8243;]<\/p>\n<p>Az idei \u00e9vben nagyszab\u00e1s\u00fa Sz\u00fcl\u0151k H\u00e1za Adventi H\u00f3nap veszi kezdet\u00e9t egy\u00fcttm\u0171k\u00f6dve a Csal\u00e1dbar\u00e1t Magyarorsz\u00e1ggal. November 15-t\u0151l egy h\u00f3napon kereszt\u00fcl l\u00e9lekmelenget\u0151 ingyenes programokkal \u00e9s rendezv\u00e9nyekkel k\u00e9sz\u00fcl\u00fcnk, hogy sok gyermek \u00e9s csal\u00e1d adventi h\u00f3napj\u00e1t szebb\u00e9 var\u00e1zsoljuk.<\/p>\n<p>&nbsp;<\/p>\n<p>A programsorozat f\u0151bb esem\u00e9nyei:<\/p>\n<p>&nbsp;<\/p>\n<p>Tegy\u00e9lJ\u00f3t! G\u00e1laest \u00e9s Gyermekv\u00e9d\u0151k Napja<\/p>\n<p>&nbsp;<\/p>\n<p>Angyalprogram<\/p>\n<p>&nbsp;<\/p>\n<p>K\u00e1rp\u00e1tmedencei Csal\u00e1dok Adventi H\u00e9tv\u00e9g\u00e9je<\/p>\n<p>&nbsp;<\/p>\n<p>Sz\u00fcl\u0151k H\u00e1za ingyenes Adventi Programsorozat, amelynek keret\u00e9ben koncertekkel, k\u00e9zm\u0171ves\u00a0 foglalkoz\u00e1sokkal, workshopokkal, j\u00e1tsz\u00f3h\u00e1zzal, csal\u00e1di tan\u00e1csad\u00e1ssal, el\u0151ad\u00e1sokkal, fejleszt\u0151 foglalkoz\u00e1sokkal, j\u00f3g\u00e1val \u00e9s m\u00e9g sz\u00e1mtalan ingyenes programmal v\u00e1rjuk a csal\u00e1dokat minden nap 4 helysz\u00ednen:<\/p>\n<p>&nbsp;<\/p>\n<p>Sz\u00fcl\u0151k H\u00e1za Gy\u0151r Sz\u00edve<\/p>\n<p>&nbsp;<\/p>\n<p>Sz\u00fcl\u0151k H\u00e1za Kelenv\u00f6lgy<\/p>\n<p>&nbsp;<\/p>\n<p>Sz\u00fcl\u0151k H\u00e1za Kamaraerd\u0151<\/p>\n<p>&nbsp;<\/p>\n<p>Sz\u00fcl\u0151k H\u00e1za Bart\u00f3k Kuck\u00f3<\/p>\n<div class=\"wp-block-image\"><\/div>\n<div><\/div>\n<div>\n<div class=\"wp-block-image\">\n<div class=\"wp-block-image\">\n<div class=\"wp-block-image\">\n<div class=\"wp-block-image\"><\/div>\n<\/div>\n<\/div>\n<\/div>\n<\/div>\n<p>[\/et_pb_text][et_pb_image src=&#8221;https:\/\/szulokhaza.hu\/kelenvolgy\/wp-content\/uploads\/2022\/12\/kelenvolgydec5-e1670531430203.png&#8221; title_text=&#8221;kelenvolgydec&#8221; _builder_version=&#8221;4.19.2&#8243; _module_preset=&#8221;default&#8221; global_colors_info=&#8221;{}&#8221;][\/et_pb_image][\/et_pb_column][\/et_pb_row][\/et_pb_section]<\/p>\n","protected":false},"excerpt":{"rendered":"<p>Az idei \u00e9vben nagyszab\u00e1s\u00fa Sz\u00fcl\u0151k H\u00e1za Adventi H\u00f3nap veszi kezdet\u00e9t egy\u00fcttm\u0171k\u00f6dve a Csal\u00e1dbar\u00e1t Magyarorsz\u00e1ggal. November 15-t\u0151l egy h\u00f3napon kereszt\u00fcl l\u00e9lekmelenget\u0151 ingyenes programokkal \u00e9s rendezv\u00e9nyekkel k\u00e9sz\u00fcl\u00fcnk, hogy sok gyermek \u00e9s csal\u00e1d adventi h\u00f3napj\u00e1t szebb\u00e9 var\u00e1zsoljuk. &nbsp; A programsorozat f\u0151bb esem\u00e9nyei: &nbsp; Tegy\u00e9lJ\u00f3t! G\u00e1laest \u00e9s Gyermekv\u00e9d\u0151k Napja &nbsp; Angyalprogram &nbsp; K\u00e1rp\u00e1tmedencei Csal\u00e1dok Adventi H\u00e9tv\u00e9g\u00e9je &nbsp; Sz\u00fcl\u0151k H\u00e1za [&hellip;]<\/p>\n","protected":false},"author":8,"featured_media":216040,"comment_status":"open","ping_status":"open","sticky":false,"template":"","format":"standard","meta":{"_seopress_robots_primary_cat":"none","_seopress_titles_title":"","_seopress_titles_desc":"","_seopress_robots_index":"","_et_pb_use_builder":"on","_et_pb_old_content":"<p>Az al\u00e1bbi programokkal v\u00e1runk szeretettel december 5-11-ig a Sz\u00fcl\u0151k H\u00e1za Kelenv\u00f6lgy Csal\u00e1di K\u00f6zpont \u00e9s B\u00f6lcs\u0151d\u00e9ben, jelentkezni a kelenvolgy@szulokhaza.hu email c\u00edmen lehet.<\/p><div class=\"wp-block-image\">\u00a0<\/div><div>\u00a0<\/div><div><div class=\"wp-block-image\"><div class=\"wp-block-image\"><div class=\"wp-block-image\"><div class=\"wp-block-image\">\u00a0<\/div><\/div><\/div><\/div><\/div>","_et_gb_content_width":"","footnotes":""},"categories":[12],"tags":[],"class_list":["post-216037","post","type-post","status-publish","format-standard","has-post-thumbnail","hentry","category-szh"],"_links":{"self":[{"href":"https:\/\/szulokhaza.hu\/kelenvolgy\/wp-json\/wp\/v2\/posts\/216037","targetHints":{"allow":["GET"]}}],"collection":[{"href":"https:\/\/szulokhaza.hu\/kelenvolgy\/wp-json\/wp\/v2\/posts"}],"about":[{"href":"https:\/\/szulokhaza.hu\/kelenvolgy\/wp-json\/wp\/v2\/types\/post"}],"author":[{"embeddable":true,"href":"https:\/\/szulokhaza.hu\/kelenvolgy\/wp-json\/wp\/v2\/users\/8"}],"replies":[{"embeddable":true,"href":"https:\/\/szulokhaza.hu\/kelenvolgy\/wp-json\/wp\/v2\/comments?post=216037"}],"version-history":[{"count":6,"href":"https:\/\/szulokhaza.hu\/kelenvolgy\/wp-json\/wp\/v2\/posts\/216037\/revisions"}],"predecessor-version":[{"id":216073,"href":"https:\/\/szulokhaza.hu\/kelenvolgy\/wp-json\/wp\/v2\/posts\/216037\/revisions\/216073"}],"wp:featuredmedia":[{"embeddable":true,"href":"https:\/\/szulokhaza.hu\/kelenvolgy\/wp-json\/wp\/v2\/media\/216040"}],"wp:attachment":[{"href":"https:\/\/szulokhaza.hu\/kelenvolgy\/wp-json\/wp\/v2\/media?parent=216037"}],"wp:term":[{"taxonomy":"category","embeddable":true,"href":"https:\/\/szulokhaza.hu\/kelenvolgy\/wp-json\/wp\/v2\/categories?post=216037"},{"taxonomy":"post_tag","embeddable":true,"href":"https:\/\/szulokhaza.hu\/kelenvolgy\/wp-json\/wp\/v2\/tags?post=216037"}],"curies":[{"name":"wp","href":"https:\/\/api.w.org\/{rel}","templated":true}]}}