{"id":216151,"date":"2023-01-03T14:32:13","date_gmt":"2023-01-03T13:32:13","guid":{"rendered":"https:\/\/szulokhaza.hu\/kelenvolgy\/?p=216151"},"modified":"2023-01-18T14:38:35","modified_gmt":"2023-01-18T13:38:35","slug":"beiratkozas-szulok-haza-kelenvolgy-%f0%9f%8c%b8","status":"publish","type":"post","link":"https:\/\/szulokhaza.hu\/kelenvolgy\/beiratkozas-szulok-haza-kelenvolgy-%f0%9f%8c%b8\/","title":{"rendered":"Beiratkoz\u00e1s \u2013 Sz\u00fcl\u0151k H\u00e1za Kelenv\u00f6lgy \ud83c\udf38"},"content":{"rendered":"<p>[et_pb_section fb_built=&#8221;1&#8243; _builder_version=&#8221;4.19.4&#8243; _module_preset=&#8221;default&#8221; global_colors_info=&#8221;{}&#8221;][et_pb_row _builder_version=&#8221;4.19.4&#8243; _module_preset=&#8221;default&#8221; global_colors_info=&#8221;{}&#8221;][et_pb_column type=&#8221;4_4&#8243; _builder_version=&#8221;4.19.4&#8243; _module_preset=&#8221;default&#8221; global_colors_info=&#8221;{}&#8221;][et_pb_text _builder_version=&#8221;4.19.4&#8243; _module_preset=&#8221;default&#8221; global_colors_info=&#8221;{}&#8221;]<\/p>\n<p>A Magyarorsz\u00e1gon \u00e9s nemzetk\u00f6zi szervezetek \u00e1ltal is elismert Sz\u00fcl\u0151k H\u00e1za Csal\u00e1di B\u00f6lcs\u0151de H\u00e1l\u00f3zat tagjak\u00e9nt megnyitottuk leg\u00fajabb Kelenv\u00f6lgyi Csal\u00e1di K\u00f6zpontunkat \u00e9s B\u00f6lcs\u0151d\u00e9nket.<\/p>\n<p>A 11. ker\u00fclet legszebb z\u00f6ld\u00f6vezeti r\u00e9sz\u00e9n exkluz\u00edv k\u00f6rnyezetben megny\u00edlt b\u00f6lcs\u0151d\u00e9nkbe beiratkoz\u00e1si lehet\u0151s\u00e9ggel v\u00e1rjuk a gyermekeket B\u00f6lcs\u0151de \u00e9s \u00d3voda felk\u00e9sz\u00edt\u0151 csoportunkba.<\/p>\n<p><img decoding=\"async\" class=\"lazy loaded\" src=\"https:\/\/static.xx.fbcdn.net\/images\/emoji.php\/v9\/t49\/1.5\/16\/1f338.png\" alt=\"\ud83c\udf38\" data-src=\"https:\/\/static.xx.fbcdn.net\/images\/emoji.php\/v9\/t49\/1.5\/16\/1f338.png\" data-was-processed=\"true\" \/>Szakk\u00e9pzett pedag\u00f3gusok, akik a gyermekek ig\u00e9nyeit maxim\u00e1lisan figyelembev\u00e9ve, a \u201eszeretetpedag\u00f3gia\u201d m\u00f3dszer\u00e9vel terelgetik a gyerekeket; id\u0151t \u00e9s teret engedve a szabad j\u00e1t\u00e9kra.<\/p>\n<p><img decoding=\"async\" class=\"lazy loaded\" src=\"https:\/\/static.xx.fbcdn.net\/images\/emoji.php\/v9\/t49\/1.5\/16\/1f338.png\" alt=\"\ud83c\udf38\" data-src=\"https:\/\/static.xx.fbcdn.net\/images\/emoji.php\/v9\/t49\/1.5\/16\/1f338.png\" data-was-processed=\"true\" \/>A t\u00f6rt\u00e9neti keretbe \u00e1gyazott j\u00e1t\u00e9kos foglalkoz\u00e1sok a Sz\u00fcl\u0151k H\u00e1za m\u00f3dszertan alapj\u00e1n<\/p>\n<p><img decoding=\"async\" class=\"lazy loaded\" src=\"https:\/\/static.xx.fbcdn.net\/images\/emoji.php\/v9\/t49\/1.5\/16\/1f338.png\" alt=\"\ud83c\udf38\" data-src=\"https:\/\/static.xx.fbcdn.net\/images\/emoji.php\/v9\/t49\/1.5\/16\/1f338.png\" data-was-processed=\"true\" \/>Rendszeres k\u00f6z\u00f6ss\u00e9g\u00e9p\u00edt\u0151 programok az eg\u00e9sz csal\u00e1d r\u00e9sz\u00e9re, ahol a csal\u00e1db\u00f3l k\u00f6z\u00f6ss\u00e9get \u00e9p\u00edt\u00fcnk<\/p>\n<p><img decoding=\"async\" class=\"lazy loaded\" src=\"https:\/\/static.xx.fbcdn.net\/images\/emoji.php\/v9\/t49\/1.5\/16\/1f338.png\" alt=\"\ud83c\udf38\" data-src=\"https:\/\/static.xx.fbcdn.net\/images\/emoji.php\/v9\/t49\/1.5\/16\/1f338.png\" data-was-processed=\"true\" \/>Minden \u00faj beiratkoz\u00f3 b\u00f6lcs\u0151d\u00e9s gyermek sz\u00e1m\u00e1ra longitudin\u00e1lis komplex vizsg\u00e1latot biztos\u00edtunk (LongiKid)<\/p>\n<p><img decoding=\"async\" class=\"lazy loaded\" src=\"https:\/\/static.xx.fbcdn.net\/images\/emoji.php\/v9\/t49\/1.5\/16\/1f338.png\" alt=\"\ud83c\udf38\" data-src=\"https:\/\/static.xx.fbcdn.net\/images\/emoji.php\/v9\/t49\/1.5\/16\/1f338.png\" data-was-processed=\"true\" \/>A munk\u00e1ba visszat\u00e9r\u0151k t\u00e1mogat\u00e1sa ig\u00e9nybe vehet\u0151!<\/p>\n<p>A Sz\u00fcl\u0151k H\u00e1za Csal\u00e1di K\u00f6zpont \u00e9s B\u00f6lcs\u0151de H\u00e1l\u00f3zat m\u00e1r 15 \u00e9ve a boldog \u00e9s kiegyens\u00falyozott csal\u00e1dok\u00e9rt \u00e9s a gyermekek\u00e9rt dolgozik sz\u00edvvel l\u00e9lekkel.<\/p>\n<p>Fontosnak tartjuk a sz\u00fcl\u0151kkel val\u00f3 folyamatos kommunik\u00e1ci\u00f3t annak \u00e9rdek\u00e9ben, hogy p\u00e1rhuzamosan, egym\u00e1st er\u0151s\u00edtve alak\u00edtsuk ki a kisgyermek szok\u00e1sait.<\/p>\n<p>Min\u0151s\u00e9gi eszk\u00f6z\u00f6k\u00f6n kereszt\u00fcl fejl\u0151dnek a gyerekek \u00fagy, hogy k\u00f6zben \u0151k ezt j\u00e1t\u00e9knak \u00e9rzik. Ig\u00e9ny \u00e9s \u00e9rdekl\u0151d\u00e9si k\u00f6r szerint v\u00e1laszthat a kisgyermek a j\u00e1t\u00e9kok, eszk\u00f6z\u00f6k k\u00f6z\u00fcl.<\/p>\n<p>Gyere haza hozz\u00e1nk!<\/p>\n<p>Reg\u0151s Judit\u00a0<\/p>\n<p>Sz\u00fcl\u0151k H\u00e1za Csal\u00e1di B\u00f6lcs\u0151de H\u00e1l\u00f3zat Alap\u00edt\u00f3<\/p>\n<p>B\u00f6lcs\u0151dei jelentkez\u00e9s:\u00a0<a href=\"https:\/\/szulokhaza.hu\/kelenvolgy\/bolcsodei-jelentkezes\/?fbclid=IwAR0Y8OvJmhQdUnkQ7OxhQTOxEpAYR_l0u9UNvL8s4SDiP-rQa4HQ2winL20\">https:\/\/szulokhaza.hu\/kelenvolgy\/bolcsodei-jelentkezes\/<\/a><\/p>\n<p>[\/et_pb_text][\/et_pb_column][\/et_pb_row][\/et_pb_section]<\/p>\n","protected":false},"excerpt":{"rendered":"<p>A Magyarorsz\u00e1gon \u00e9s nemzetk\u00f6zi szervezetek \u00e1ltal is elismert Sz\u00fcl\u0151k H\u00e1za Csal\u00e1di B\u00f6lcs\u0151de H\u00e1l\u00f3zat tagjak\u00e9nt megnyitottuk leg\u00fajabb Kelenv\u00f6lgyi Csal\u00e1di K\u00f6zpontunkat \u00e9s B\u00f6lcs\u0151d\u00e9nket. A 11. ker\u00fclet legszebb z\u00f6ld\u00f6vezeti r\u00e9sz\u00e9n exkluz\u00edv k\u00f6rnyezetben megny\u00edlt b\u00f6lcs\u0151d\u00e9nkbe beiratkoz\u00e1si lehet\u0151s\u00e9ggel v\u00e1rjuk a gyermekeket B\u00f6lcs\u0151de \u00e9s \u00d3voda felk\u00e9sz\u00edt\u0151 csoportunkba. Szakk\u00e9pzett pedag\u00f3gusok, akik a gyermekek ig\u00e9nyeit maxim\u00e1lisan figyelembev\u00e9ve, a \u201eszeretetpedag\u00f3gia\u201d m\u00f3dszer\u00e9vel terelgetik a gyerekeket; [&hellip;]<\/p>\n","protected":false},"author":8,"featured_media":216076,"comment_status":"open","ping_status":"open","sticky":false,"template":"","format":"standard","meta":{"_seopress_robots_primary_cat":"none","_seopress_titles_title":"Beiratkoz\u00e1s \u2013 Sz\u00fcl\u0151k H\u00e1za Kelenv\u00f6lgy","_seopress_titles_desc":"","_seopress_robots_index":"","_et_pb_use_builder":"on","_et_pb_old_content":"","_et_gb_content_width":"","footnotes":""},"categories":[1,12],"tags":[52,26,53],"class_list":["post-216151","post","type-post","status-publish","format-standard","has-post-thumbnail","hentry","category-egyeb","category-szh","tag-2023-bolcsodei-beiratkozas","tag-szulok-haza-csalad","tag-szulok-haza-csalad-csaladi-kozpont-es-bolcsode-halozat"],"_links":{"self":[{"href":"https:\/\/szulokhaza.hu\/kelenvolgy\/wp-json\/wp\/v2\/posts\/216151","targetHints":{"allow":["GET"]}}],"collection":[{"href":"https:\/\/szulokhaza.hu\/kelenvolgy\/wp-json\/wp\/v2\/posts"}],"about":[{"href":"https:\/\/szulokhaza.hu\/kelenvolgy\/wp-json\/wp\/v2\/types\/post"}],"author":[{"embeddable":true,"href":"https:\/\/szulokhaza.hu\/kelenvolgy\/wp-json\/wp\/v2\/users\/8"}],"replies":[{"embeddable":true,"href":"https:\/\/szulokhaza.hu\/kelenvolgy\/wp-json\/wp\/v2\/comments?post=216151"}],"version-history":[{"count":3,"href":"https:\/\/szulokhaza.hu\/kelenvolgy\/wp-json\/wp\/v2\/posts\/216151\/revisions"}],"predecessor-version":[{"id":216156,"href":"https:\/\/szulokhaza.hu\/kelenvolgy\/wp-json\/wp\/v2\/posts\/216151\/revisions\/216156"}],"wp:featuredmedia":[{"embeddable":true,"href":"https:\/\/szulokhaza.hu\/kelenvolgy\/wp-json\/wp\/v2\/media\/216076"}],"wp:attachment":[{"href":"https:\/\/szulokhaza.hu\/kelenvolgy\/wp-json\/wp\/v2\/media?parent=216151"}],"wp:term":[{"taxonomy":"category","embeddable":true,"href":"https:\/\/szulokhaza.hu\/kelenvolgy\/wp-json\/wp\/v2\/categories?post=216151"},{"taxonomy":"post_tag","embeddable":true,"href":"https:\/\/szulokhaza.hu\/kelenvolgy\/wp-json\/wp\/v2\/tags?post=216151"}],"curies":[{"name":"wp","href":"https:\/\/api.w.org\/{rel}","templated":true}]}}