{"id":216308,"date":"2023-06-07T13:10:26","date_gmt":"2023-06-07T11:10:26","guid":{"rendered":"https:\/\/szulokhaza.hu\/kelenvolgy\/?p=216308"},"modified":"2023-06-07T13:10:39","modified_gmt":"2023-06-07T11:10:39","slug":"szulok-karpat-medencei-fesztivalja-meghivo","status":"publish","type":"post","link":"https:\/\/szulokhaza.hu\/kelenvolgy\/szulok-karpat-medencei-fesztivalja-meghivo\/","title":{"rendered":"Sz\u00fcl\u0151k K\u00e1rp\u00e1t-medencei Fesztiv\u00e1lja \u2013 Megh\u00edv\u00f3"},"content":{"rendered":"<p>Kedves Sz\u00fcl\u0151k H\u00e1zas Csal\u00e1dok!<\/p>\n<p>Az ENSZ 2012-ben j\u00fanius 1-\u00e9t jel\u00f6lte ki hivatalosan a sz\u00fcl\u0151k vil\u00e1gnapj\u00e1nak, amelynek c\u00e9lja, hogy felh\u00edvja a figyelmet az any\u00e1k \u00e9s ap\u00e1k nem l\u00e1tv\u00e1nyos, m\u00e9gis sokszor embert pr\u00f3b\u00e1l\u00f3 munk\u00e1j\u00e1ra, amelyet nap, mint nap v\u00e9geznek a gyerekeik\u00e9rt \u00e9s a csal\u00e1djuk\u00e9rt. A sz\u00fcl\u0151s\u00e9g szeretet, k\u00f6tel\u00e9k, hivat\u00e1s, de bizony sok neh\u00e9zs\u00e9ggel j\u00e1r, ami megbecs\u00fcl\u00e9st \u00e9rdemel.<\/p>\n<p>Id\u00e9n a Sz\u00fcl\u0151k \u00dcnnepe ( \u00a0<a href=\"https:\/\/szulokunnepe.hu\/\"> https:\/\/szulokunnepe.hu\/\u00a0\u00a0 <\/a>) mott\u00f3ja az \u00f6sszetartoz\u00e1s, amelynek jegy\u00e9ben a programba bekapcsol\u00f3dott a K\u00e1rp\u00e1t-medencei Csal\u00e1dszervezetek Sz\u00f6vets\u00e9ge is. A 2023-as Sz\u00fcl\u0151k \u00dcnnep\u00e9re \u00edgy m\u00e1r nemcsak Magyarorsz\u00e1g sz\u00e1mos r\u00e9sz\u00e9r\u0151l, hanem a hat\u00e1ron t\u00falr\u00f3l is \u00e9rkeznek magyar csal\u00e1dszervezetek.<\/p>\n<p>&nbsp;<\/p>\n<p>A rendezv\u00e9nyre 2023. j\u00fanius 10-\u00e9n, Balatonfenyvesen ker\u00fcl sor, ahol sz\u00e1mos sz\u00fcl\u0151knek sz\u00f3l\u00f3 rekre\u00e1ci\u00f3s program, sz\u00fcl\u0151t\u00e1mogat\u00f3 el\u0151ad\u00e1sok, valamint kultur\u00e1lis \u00e9s sz\u00f3rakoztat\u00f3 programok lesznek el\u00e9rhet\u0151k ingyenesen a csal\u00e1dok sz\u00e1m\u00e1ra.<\/p>\n<p>Nagy szeretettel megh\u00edvunk a rendezv\u00e9nyre:<\/p>\n<p><strong>Id\u0151pont: 2023. j\u00fanius 10. szombat, 10:00 \u2013 18:00<\/strong><\/p>\n<p><strong>A helysz\u00edn: Grand Bereksz\u00e1ll\u00f3, C\u00edm: 8646 Balatonfenyves, Nimr\u00f3d utca 1.<\/strong><\/p>\n<p><strong>Az esem\u00e9ny ingyenes, nyilv\u00e1nos, de regisztr\u00e1ci\u00f3hoz k\u00f6t\u00f6tt, regisztr\u00e1lni a tegyeljot@tegyeljot.hu e-mail c\u00edmen lehet.<\/strong><\/p>\n<p>V\u00e1runk Mindenkit szeretettel!<\/p>\n","protected":false},"excerpt":{"rendered":"<p>Kedves Sz\u00fcl\u0151k H\u00e1zas Csal\u00e1dok! Az ENSZ 2012-ben j\u00fanius 1-\u00e9t jel\u00f6lte ki hivatalosan a sz\u00fcl\u0151k vil\u00e1gnapj\u00e1nak, amelynek c\u00e9lja, hogy felh\u00edvja a figyelmet az any\u00e1k \u00e9s ap\u00e1k nem l\u00e1tv\u00e1nyos, m\u00e9gis sokszor embert pr\u00f3b\u00e1l\u00f3 munk\u00e1j\u00e1ra, amelyet nap, mint nap v\u00e9geznek a gyerekeik\u00e9rt \u00e9s a csal\u00e1djuk\u00e9rt. A sz\u00fcl\u0151s\u00e9g szeretet, k\u00f6tel\u00e9k, hivat\u00e1s, de bizony sok neh\u00e9zs\u00e9ggel j\u00e1r, ami megbecs\u00fcl\u00e9st \u00e9rdemel. [&hellip;]<\/p>\n","protected":false},"author":8,"featured_media":216311,"comment_status":"open","ping_status":"open","sticky":false,"template":"","format":"standard","meta":{"_seopress_robots_primary_cat":"none","_seopress_titles_title":"","_seopress_titles_desc":"","_seopress_robots_index":"","_et_pb_use_builder":"","_et_pb_old_content":"","_et_gb_content_width":"","footnotes":""},"categories":[1],"tags":[],"class_list":["post-216308","post","type-post","status-publish","format-standard","has-post-thumbnail","hentry","category-egyeb"],"_links":{"self":[{"href":"https:\/\/szulokhaza.hu\/kelenvolgy\/wp-json\/wp\/v2\/posts\/216308","targetHints":{"allow":["GET"]}}],"collection":[{"href":"https:\/\/szulokhaza.hu\/kelenvolgy\/wp-json\/wp\/v2\/posts"}],"about":[{"href":"https:\/\/szulokhaza.hu\/kelenvolgy\/wp-json\/wp\/v2\/types\/post"}],"author":[{"embeddable":true,"href":"https:\/\/szulokhaza.hu\/kelenvolgy\/wp-json\/wp\/v2\/users\/8"}],"replies":[{"embeddable":true,"href":"https:\/\/szulokhaza.hu\/kelenvolgy\/wp-json\/wp\/v2\/comments?post=216308"}],"version-history":[{"count":2,"href":"https:\/\/szulokhaza.hu\/kelenvolgy\/wp-json\/wp\/v2\/posts\/216308\/revisions"}],"predecessor-version":[{"id":216313,"href":"https:\/\/szulokhaza.hu\/kelenvolgy\/wp-json\/wp\/v2\/posts\/216308\/revisions\/216313"}],"wp:featuredmedia":[{"embeddable":true,"href":"https:\/\/szulokhaza.hu\/kelenvolgy\/wp-json\/wp\/v2\/media\/216311"}],"wp:attachment":[{"href":"https:\/\/szulokhaza.hu\/kelenvolgy\/wp-json\/wp\/v2\/media?parent=216308"}],"wp:term":[{"taxonomy":"category","embeddable":true,"href":"https:\/\/szulokhaza.hu\/kelenvolgy\/wp-json\/wp\/v2\/categories?post=216308"},{"taxonomy":"post_tag","embeddable":true,"href":"https:\/\/szulokhaza.hu\/kelenvolgy\/wp-json\/wp\/v2\/tags?post=216308"}],"curies":[{"name":"wp","href":"https:\/\/api.w.org\/{rel}","templated":true}]}}