{"id":4460,"date":"2015-09-14T16:17:06","date_gmt":"2015-09-14T16:17:06","guid":{"rendered":"http:\/\/szulokhaza.hu\/bartokkucko\/?p=4460"},"modified":"2022-07-06T16:37:53","modified_gmt":"2022-07-06T14:37:53","slug":"vigyem-vagy-ne-vigyem-a-bolcsode-hatasa-a-gyermek-fejlodesere","status":"publish","type":"post","link":"https:\/\/szulokhaza.hu\/kelenvolgy\/vigyem-vagy-ne-vigyem-a-bolcsode-hatasa-a-gyermek-fejlodesere\/","title":{"rendered":"Vigyem vagy ne vigyem? \u2013 A b\u00f6lcs\u0151de hat\u00e1sa a gyermek fejl\u0151d\u00e9s\u00e9re"},"content":{"rendered":"<p>[et_pb_section fb_built=&#8221;1&#8243; _builder_version=&#8221;4.16&#8243; _module_preset=&#8221;default&#8221; global_colors_info=&#8221;{}&#8221;][et_pb_row _builder_version=&#8221;4.16&#8243; _module_preset=&#8221;default&#8221; global_colors_info=&#8221;{}&#8221;][et_pb_column type=&#8221;4_4&#8243; _builder_version=&#8221;4.16&#8243; _module_preset=&#8221;default&#8221; global_colors_info=&#8221;{}&#8221;][et_pb_text _builder_version=&#8221;4.16&#8243; _module_preset=&#8221;default&#8221; global_colors_info=&#8221;{}&#8221;]<\/p>\n<p>Amikor arra gondoltam, hogy \u00edrok a b\u00f6lcs\u0151d\u00e9kr\u0151l, azonnal valami szorongat\u00f3 \u00e9rz\u00e9s k\u00f6lt\u00f6z\u00f6tt a sz\u00edvembe. Nem ment egyszer\u0171en, hogy le\u00fcljek a g\u00e9p el\u00e9, \u00e9s \u00edrni kezdjek. Eszembe jutottak anyuk\u00e1m t\u00f6rt\u00e9netei saj\u00e1t b\u00f6lcs\u0151d\u00e9s \u00e9veimb\u0151l, melyeknek hat\u00e1s\u00e1ra, m\u00e9g j\u00f3val a gyermekeim megsz\u00fclet\u00e9se el\u0151tt elhat\u00e1roztam, hogy \u00e9n soha nem fogom \u0151ket b\u00f6lcsibe adni.<\/p>\n<p>V\u00e9lem\u00e9nyem az\u00f3ta annyiban v\u00e1ltozott, hogy olyan b\u00f6lcsibe, ahova val\u00f3sz\u00edn\u0171leg \u00e9n j\u00e1rhattam \u2013 ahol a gyerekeket, miel\u0151tt beadt\u00e1k a j\u00e1tsz\u00f3szob\u00e1ba, meztelenre kellett vetk\u0151ztetni, \u00e9s a sz\u00fcl\u0151k csak \u00fcvegfalon kereszt\u00fcl l\u00e1thatt\u00e1k, ahogy pici, sokszor m\u00e9g j\u00e1rni se tud\u00f3 gyermek\u00fck elvegy\u00fcl a t\u00f6bbi egyenruh\u00e1s \u201ecs\u00fasz\u00f3-m\u00e1sz\u00f3\u201d pici k\u00f6z\u00f6tt \u2013 biztosan nem adn\u00e1m a gyerekemet ma sem.<\/p>\n<p>A k\u00e9phez hozz\u00e1 tartozik, hogy \u00e9n a 70-es \u00e9vek k\u00f6zep\u00e9n j\u00e1rtam b\u00f6lcs\u0151d\u00e9be, \u00e9s az\u00f3ta sokat v\u00e1ltozott a vil\u00e1g a kisgyerekek gondoz\u00e1sa \u00e9s az any\u00e1k t\u00e1rsadalmi juttat\u00e1sa ter\u00e9n is. (Persze ez nem azt jelenti, hogy nem f\u00e9r m\u00e9g r\u00e1 erre a ter\u00fcletre a jav\u00edt\u00e1s.)<\/p>\n<p>Akkoriban, amikor \u00e9n voltam b\u00f6lcsis kor\u00fa, az anyuk\u00e1m csak p\u00e1r h\u00f3napot hi\u00e1nyozhatott a munk\u00e1j\u00e1b\u00f3l. A legt\u00f6bb ember azt gondolta, hogy term\u00e9szetes dolog, hogy az anya megsz\u00fcli a gyermeket, egy picit szoptatja, azut\u00e1n beadja egy k\u00f6z\u00f6ss\u00e9gbe, ahol a t\u00f6bbi picivel egy\u00fctt az \u00e1llam gondoskodik r\u00f3luk a nap legnagyobb r\u00e9sz\u00e9ben.<\/p>\n<p>Szerencs\u00e9re m\u00e1r akkor is voltak \u201eanyasz\u00edv\u0171\u201d b\u00f6lcsis n\u00e9nik, akik \u00f6szt\u00f6n\u00f6sen odafigyeltek a kicsik egy\u00e9ni fejl\u0151d\u00e9s\u00e9re \u00e9s a korai k\u00f6t\u0151d\u00e9s jelent\u0151s\u00e9g\u00e9re. Ilyen lehetett az \u00e9n Jutka n\u00e9nim is, aki miatt a mai napig is siratom, hogy a guly\u00e1skr\u00e9mr\u0151l leker\u00fcltek a boszork\u00e1nyok. Jutka n\u00e9ni mindig megengedte, hogy am\u00edg a t\u00f6bbiek zs\u00edros kenyeret esznek, \u00e9n kaphassak guly\u00e1skr\u00e9mes kenyeret, mert \u00e9n azt szerettem\u2026 K\u00e9ts\u00e9gtelen viszont, hogy mivel nem lehetett szabadon b\u00f6lcs\u0151d\u00e9t v\u00e1lasztani, nagy szerencse kellett ahhoz, hogy valaki kifogjon egy ilyen Jutka n\u00e9nit.<\/p>\n<p>Manaps\u00e1g m\u00e1r szabadon lehet sz\u00e9tn\u00e9zni a b\u00f6lcsi piacon. Nem k\u00f6telez\u0151 a lakhely szerint illet\u00e9kes int\u00e9zm\u00e9nyt v\u00e1lasztani. L\u00e9teznek kis l\u00e9tsz\u00e1mmal m\u0171k\u00f6d\u0151 mag\u00e1n, de \u00e1llami b\u00f6lcs\u0151d\u00e9k is. Ezenk\u00edv\u00fcl a gyed, gyes bevezet\u00e9se ugyan nem nagy, de m\u00e9gis v\u00e1laszt\u00e1si lehet\u0151s\u00e9get ny\u00fajt arra, hogy ki-ki maga eld\u00f6nthesse, szeretn\u00e9-e beadni a b\u00f6lcs\u0151d\u00e9be \u201eSzeme f\u00e9ny\u00e9t\u201d.<\/p>\n<p>Ahhoz, hogy egy\u00e1ltal\u00e1n elindulhassunk a b\u00f6lcsikeres\u00e9s r\u00f6g\u00f6s \u00fatj\u00e1n, fontos, hogy j\u00f3 tiszt\u00e1zzunk magunkban n\u00e9h\u00e1ny k\u00e9rd\u00e9st. A legfontosabb, hogy d\u00f6nt\u00e9s\u00fcnk el\u0151tt tiszt\u00e1ban legy\u00fcnk a kisgyermekek egy adott szem\u00e9lyhez val\u00f3 k\u00f6t\u0151d\u00e9s\u00e9nek ig\u00e9ny\u00e9r\u0151l, \u00e9s annak meghat\u00e1roz\u00f3 szerep\u00e9r\u0151l az eg\u00e9sz k\u00e9s\u0151bbi \u00e9let\u00e9re n\u00e9zve.<\/p>\n<p>A csecsem\u0151kor egyik legfontosabb esem\u00e9nye a ragaszkod\u00e1s kialakul\u00e1sa: a gyerekek 7-9 h\u00f3napos korukt\u00f3l saj\u00e1tos k\u00f6t\u0151d\u00e9st mutatnak az \u0151ket gondoz\u00f3 feln\u0151ttek (els\u0151sorban anyuk\u00e1juk) ir\u00e1nt, mely a k\u00e9s\u0151bbi t\u00e1rsas, mor\u00e1lis \u00e9s szem\u00e9lyis\u00e9gfejl\u0151d\u00e9s fontos meghat\u00e1roz\u00f3ja.<\/p>\n<p>A fizikai sz\u00fcks\u00e9gletek kiel\u00e9g\u00edt\u00e9se (etet\u00e9s, meleg\u00edt\u00e9s) \u00f6nmag\u00e1ban nem elegend\u0151 az eg\u00e9szs\u00e9ges fejl\u0151d\u00e9shez. Erre Harlow, h\u00edres pszichol\u00f3gus \u00e9s viselked\u00e9skutat\u00f3 j\u00f6tt r\u00e1, majmok vizsg\u00e1lat\u00e1val. A k\u00eds\u00e9rlet alany\u00e1ul egy olyan \u00fajsz\u00fcl\u00f6tt kismajmot v\u00e1lasztott, akit mag\u00e1ra hagyott az anyja. A ketrec\u00e9be be\u00e1ll\u00edtott egy dr\u00f3tb\u00f3l k\u00e9sz\u00fclt m\u0171any\u00e1t, amire dr\u00f3tb\u00f3l tejet tartalmaz\u00f3 cumis \u00fcveget akasztott, \u00e9s ebb\u0151l a kismajom kedv\u00e9re szopizhatott. Betett a ketrecbe egy m\u00e1sik m\u0171any\u00e1t is, azt sz\u0151rrel vonta be, viszont nem akasztott r\u00e1 cumis \u00fcveget. Legnagyobb meglepet\u00e9s\u00e9re a kismajom ink\u00e1bb az \u00fagynevezett \u201esz\u0151rany\u00e1t\u201d v\u00e1lasztotta, \u00e9s ha nem adnak neki t\u00e1pl\u00e1l\u00e9kot, tal\u00e1n \u00e9hen is halt volna, de nem sz\u00edvesen m\u00e1szott a \u201edr\u00f3tanyj\u00e1ra\u201d.<\/p>\n<p>Arra a k\u00e9rd\u00e9sre, hogy mi\u00e9rt alakul ki ez a saj\u00e1tos kapcsolat a gyermek \u00e9s gondoz\u00f3ja k\u00f6z\u00f6tt, Bowlby, m\u00e1sik h\u00edres kutat\u00f3, a k\u00f6vetkez\u0151 v\u00e1laszt adja: az \u00e9l\u0151vil\u00e1gban egy bizonyos fejlets\u00e9gi szinten t\u00fal minden ut\u00f3d r\u00e1szorul a feln\u0151tt egyedek seg\u00edts\u00e9g\u00e9re. Azonban a t\u00f6bbi fajt\u00f3l elt\u00e9r\u0151en az embercsecsem\u0151 nem k\u00e9pes helyv\u00e1ltoztat\u00e1ssal biztos\u00edtani a feln\u0151tt egyedek k\u00f6zels\u00e9g\u00e9t, hanem mosolyg\u00e1ssal, s\u00edr\u00e1ssal tartja mag\u00e1hoz k\u00f6zel \u0151ket, hiszen gondoskod\u00e1suk a t\u00fal\u00e9l\u00e9st jelenti sz\u00e1m\u00e1ra. Ez\u00e9rt a k\u00f6lcs\u00f6n\u00f6s \u00e9rzelmi k\u00f6t\u0151d\u00e9s kialakul\u00e1sa sz\u00e1m\u00e1ra l\u00e9tfontoss\u00e1g\u00fa.<\/p>\n<p>A ragaszkod\u00e1s fejl\u0151d\u00e9s\u00e9ben Bowlby n\u00e9gy szakaszt k\u00fcl\u00f6nb\u00f6ztetett meg:<\/p>\n<p>\u2022 0-3 h\u00f3nap \u2013 a csecsem\u0151 nyitott a szoci\u00e1lis helyzetekre, de eszk\u00f6zei mindenki fel\u00e9 ir\u00e1nyulnak, mindenkire egyform\u00e1n reag\u00e1l.<\/p>\n<p>\u2022 3-7 h\u00f3nap \u2013 a szoci\u00e1lis mosoly megjelen\u00e9s\u00e9vel kezd\u0151dik. Kiv\u00e1lt\u00f3ja specifikusan szoci\u00e1lis inger, de m\u00e9g itt sem v\u00e1logat, hanem mindenkire egyform\u00e1n mosolyog. A szakasz m\u00e1sodik fel\u00e9t\u0151l kezdi prefer\u00e1lni az ismer\u0151s szem\u00e9lyt, de bar\u00e1ts\u00e1gos az idegenekkel is.<\/p>\n<p>\u2022 7-24 h\u00f3nap \u2013 m\u00e1r bar\u00e1ts\u00e1gtalan az idegenekkel, egy\u00e9rtelm\u0171 jel\u00e9t adja, hogy a specifikus szem\u00e9ly k\u00f6zel\u00e9ben akar lenni; m\u00e1r kialakult a ragaszkod\u00e1s k\u00f6zte \u00e9s gondoz\u00f3ja k\u00f6z\u00f6tt.<\/p>\n<p>\u2022 24. h\u00f3napt\u00f3l \u2013 a kisgyerek lassan kezdi figyelembe venni \u00e9s elfogadni m\u00e1sok szempontjait is.<\/p>\n<p>A m\u00e1sodik \u00e9let\u00e9v v\u00e9ge fel\u00e9 a dacoss\u00e1g, akaratoss\u00e1g gyakoribb\u00e1 v\u00e1lik. A gyerek, b\u00e1r m\u00e9g kezdetlegesen, de ir\u00e1nyad\u00f3 norm\u00e1kat \u00e9s m\u00e9rc\u00e9ket saj\u00e1t\u00edt el; m\u00e1r van fogalma r\u00f3la, hogy mi a j\u00f3 \u00e9s a rossz. Azonban ezeknek az \u00f6sszef\u00fcgg\u00e9seknek a felismer\u00e9se m\u00e9g bizonytalans\u00e1ggal j\u00e1r. Ebben a korban m\u00e1r c\u00e9lokat \u00e1ll\u00edtanak fel maguknak, nem t\u00f6r\u0151dve azzal, hogy hogyan reag\u00e1lnak ezekre a sz\u00fcl\u0151k.<\/p>\n<p>Ezek olyan \u00fcgyess\u00e9gi m\u00e9rc\u00e9k, melyek azt pr\u00f3b\u00e1lgatj\u00e1k, hogy mit k\u00e9pesek megtenni. E jelens\u00e9gek m\u00f6g\u00f6tt egy jelent\u0151s fejl\u0151d\u00e9si v\u00e1ltoz\u00e1s, az \u201e\u00e9ntudat\u201d kialakul\u00e1sa \u00e1ll. Bowlby szerint a csecsem\u0151 egy bels\u0151 modellt alak\u00edt ki mag\u00e1ban a gondoz\u00f3j\u00e1val val\u00f3 tapasztalata alapj\u00e1n az emberi kapcsolatokr\u00f3l \u00e1ltal\u00e1noss\u00e1gban. Biztons\u00e1gos viszony eset\u00e9n a j\u00f6v\u0151beli kapcsolatokba is nyitottan, bizalommal l\u00e9p.<\/p>\n<p>Szerinte, az els\u0151 \u00e9let\u00e9vekben tapasztalt \u00e9rzelemszeg\u00e9nys\u00e9g \u00e9s szeretethi\u00e1ny pszichikailag \u00e9s biol\u00f3giailag ugyanolyan v\u00e9gzetes, mint csontrendszer\u00fcnkre az angolk\u00f3r. A fent le\u00edrtakb\u00f3l egy\u00e9rtelm\u0171en l\u00e1tszik, hogy milyen alapvet\u0151en fontos szerepe van ezekben az \u00e9vekben annak, hogy \u00e1lland\u00f3an egy \u00e9s ugyanaz a szem\u00e9ly \u2013 \u00fagynevezett \u201eanyafigura\u201d \u2013 gondozza a gyermeket. Ez a szem\u00e9ly nem felt\u00e9tlen\u00fcl kell, hogy a biol\u00f3giai anya legyen, de az biztos, hogy a gyermek fejl\u0151d\u00e9s\u00e9hez elengedhetetlen\u00fcl sz\u00fcks\u00e9ges az anyai szeretet.<\/p>\n<p>Mindebb\u0151l mit vonhat le tanuls\u00e1gk\u00e9nt a gyermek\u00e9t f\u00e9lt\u0151, \u00e9rte agg\u00f3d\u00f3 anya \u00e9s apa? Amennyiben lehets\u00e9ges, legal\u00e1bb k\u00e9t\u00e9ves kor\u00e1ig ne adj\u00e1k b\u00f6lcs\u0151d\u00e9be gyermek\u00fcket! Fontos, hogy a kisgyerekn\u00e9l ki tudjon alakulni a korai k\u00f6t\u0151d\u00e9s, amihez sz\u00fcks\u00e9ges, hogy legyen egy valaki, anya, apa, nagymama vagy dadus, aki anyai (apai) szeretettel gondozza, \u00f3vja, v\u00e9di, szereti \u0151t. \u00c9s erre a csal\u00e1di k\u00f6rnyezet a legalkalmasabb!<\/p>\n<p>Amennyiben a csal\u00e1d k\u00f6r\u00fclm\u00e9nyei nem teszik lehet\u0151v\u00e9, hogy az egyik sz\u00fcl\u0151 napk\u00f6zben otthon legyen a kisgyerekkel, a b\u00f6lcs\u0151dei gondoz\u00e1st\u00f3l nem szenved felt\u00e9tlen\u00fcl lelki k\u00e1rosod\u00e1st a gyermek. Ehhez azonban mindenk\u00e9ppen t\u00e1j\u00e9koz\u00f3dnunk kell a b\u00f6lcs\u0151dei gondoz\u00e1s min\u0151s\u00e9g\u00e9r\u0151l. Mindenk\u00e9ppen keressenek fel t\u00f6bb b\u00f6lcs\u0151d\u00e9t, t\u00e1j\u00e9koz\u00f3djanak a m\u00f3dszerekr\u0151l, elvekr\u0151l, n\u00e9zzenek k\u00f6r\u00fcl, ismerkedjenek meg a gondoz\u00f3n\u0151kkel.<\/p>\n<p>Optim\u00e1lis a min\u00e9l kisebb csoportl\u00e9tsz\u00e1m, \u00e9s az \u00e1lland\u00f3 gondoz\u00f3k. A b\u00f6lcs\u0151d\u00e9n k\u00edv\u00fcli id\u0151ben pedig ford\u00edtsanak min\u00e9l t\u00f6bb id\u0151t a gyermekre, j\u00e1tszanak vele, vegy\u00e9k \u00f6lbe, dajk\u00e1lj\u00e1k. Tegy\u00e9k ezt m\u00e9g akkor is, ha a h\u00e1ztart\u00e1sban esetleg elmaradnak a napi munk\u00e1val.<\/p>\n<p>****<\/p>\n<p>Az els\u0151 magyar B\u00f6lcs\u0151de 1852. \u00e1prilis 21-\u00e9n nyitotta meg kapuj\u00e1t a belv\u00e1rosi Kalap u. 1. sz. alatt. A v\u00e1rosi n\u0151i munkaer\u0151 foglalkoztat\u00e1sa, az iparosod\u00e1s miatt lett ig\u00e9ny arra, hogy a gyermekek fel\u00fcgyelet\u00e9t int\u00e9zm\u00e9ny l\u00e1ssa el. Budapesten a J\u00f3zsefv\u00e1rosban, a Nagytemplom utca 3. alatt tal\u00e1lhat\u00f3 a B\u00f6lcs\u0151dei M\u00fazeum, amelynek \u00e9p\u00fclet\u00e9t Ybl Mikl\u00f3s tervezte.<\/p>\n<p>Reg\u0151s Judit<\/p>\n<p>[\/et_pb_text][\/et_pb_column][\/et_pb_row][\/et_pb_section]<\/p>\n","protected":false},"excerpt":{"rendered":"<p>Amikor arra gondoltam, hogy \u00edrok a b\u00f6lcs\u0151d\u00e9kr\u0151l, azonnal valami szorongat\u00f3 \u00e9rz\u00e9s k\u00f6lt\u00f6z\u00f6tt a sz\u00edvembe. Nem ment egyszer\u0171en, hogy le\u00fcljek a g\u00e9p el\u00e9, \u00e9s \u00edrni kezdjek. Eszembe jutottak anyuk\u00e1m t\u00f6rt\u00e9netei saj\u00e1t b\u00f6lcs\u0151d\u00e9s \u00e9veimb\u0151l, melyeknek hat\u00e1s\u00e1ra, m\u00e9g j\u00f3val a gyermekeim megsz\u00fclet\u00e9se el\u0151tt elhat\u00e1roztam, hogy \u00e9n soha nem fogom \u0151ket b\u00f6lcsibe adni. V\u00e9lem\u00e9nyem az\u00f3ta annyiban v\u00e1ltozott, hogy olyan [&hellip;]<\/p>\n","protected":false},"author":8,"featured_media":215735,"comment_status":"open","ping_status":"open","sticky":false,"template":"","format":"standard","meta":{"_seopress_robots_primary_cat":"none","_seopress_titles_title":"","_seopress_titles_desc":"","_seopress_robots_index":"","_et_pb_use_builder":"on","_et_pb_old_content":"<p><a href=\"http:\/\/szulokhaza.hu\/bartokkucko\/wp-content\/uploads\/2015\/09\/bolcsi.jpg\"><img class=\" size-full wp-image-4461 alignleft\" src=\"http:\/\/szulokhaza.hu\/bartokkucko\/wp-content\/uploads\/2015\/09\/bolcsi.jpg\" alt=\"\" width=\"300\" height=\"186\" \/><\/a><\/p>","_et_gb_content_width":"","footnotes":""},"categories":[12],"tags":[13,14,15,16],"class_list":["post-4460","post","type-post","status-publish","format-standard","has-post-thumbnail","hentry","category-szh","tag-bartok-kucko","tag-bolcsi","tag-bolcsidilemma","tag-bolcsode"],"_links":{"self":[{"href":"https:\/\/szulokhaza.hu\/kelenvolgy\/wp-json\/wp\/v2\/posts\/4460","targetHints":{"allow":["GET"]}}],"collection":[{"href":"https:\/\/szulokhaza.hu\/kelenvolgy\/wp-json\/wp\/v2\/posts"}],"about":[{"href":"https:\/\/szulokhaza.hu\/kelenvolgy\/wp-json\/wp\/v2\/types\/post"}],"author":[{"embeddable":true,"href":"https:\/\/szulokhaza.hu\/kelenvolgy\/wp-json\/wp\/v2\/users\/8"}],"replies":[{"embeddable":true,"href":"https:\/\/szulokhaza.hu\/kelenvolgy\/wp-json\/wp\/v2\/comments?post=4460"}],"version-history":[{"count":1,"href":"https:\/\/szulokhaza.hu\/kelenvolgy\/wp-json\/wp\/v2\/posts\/4460\/revisions"}],"predecessor-version":[{"id":215736,"href":"https:\/\/szulokhaza.hu\/kelenvolgy\/wp-json\/wp\/v2\/posts\/4460\/revisions\/215736"}],"wp:featuredmedia":[{"embeddable":true,"href":"https:\/\/szulokhaza.hu\/kelenvolgy\/wp-json\/wp\/v2\/media\/215735"}],"wp:attachment":[{"href":"https:\/\/szulokhaza.hu\/kelenvolgy\/wp-json\/wp\/v2\/media?parent=4460"}],"wp:term":[{"taxonomy":"category","embeddable":true,"href":"https:\/\/szulokhaza.hu\/kelenvolgy\/wp-json\/wp\/v2\/categories?post=4460"},{"taxonomy":"post_tag","embeddable":true,"href":"https:\/\/szulokhaza.hu\/kelenvolgy\/wp-json\/wp\/v2\/tags?post=4460"}],"curies":[{"name":"wp","href":"https:\/\/api.w.org\/{rel}","templated":true}]}}