{"id":6085,"date":"2016-09-12T16:00:03","date_gmt":"2016-09-12T14:00:03","guid":{"rendered":"http:\/\/szulokhaza.hu\/bartokkucko\/?p=6085"},"modified":"2022-07-06T16:36:59","modified_gmt":"2022-07-06T14:36:59","slug":"beszoktatas-es-siras","status":"publish","type":"post","link":"https:\/\/szulokhaza.hu\/kelenvolgy\/beszoktatas-es-siras\/","title":{"rendered":"Beszoktat\u00e1s \u00e9s a s\u00edr\u00e1s"},"content":{"rendered":"<p>[et_pb_section fb_built=&#8221;1&#8243; _builder_version=&#8221;4.16&#8243; global_colors_info=&#8221;{}&#8221;][et_pb_row _builder_version=&#8221;4.16&#8243; background_size=&#8221;initial&#8221; background_position=&#8221;top_left&#8221; background_repeat=&#8221;repeat&#8221; global_colors_info=&#8221;{}&#8221;][et_pb_column type=&#8221;4_4&#8243; _builder_version=&#8221;4.16&#8243; custom_padding=&#8221;|||&#8221; global_colors_info=&#8221;{}&#8221; custom_padding__hover=&#8221;|||&#8221;][et_pb_text _builder_version=&#8221;4.16&#8243; background_size=&#8221;initial&#8221; background_position=&#8221;top_left&#8221; background_repeat=&#8221;repeat&#8221; global_colors_info=&#8221;{}&#8221;]<\/p>\n<h4>Beszoktat\u00e1sra val\u00f3 felk\u00e9sz\u00fcl\u00e9s<\/h4>\n<ul>\n<li>Tal\u00e1ljuk meg a k\u00f6z\u00e9putat, az biztosan nem haszn\u00e1l a gyereknek, ha egyik pillanatr\u00f3l a m\u00e1sikra otthagyom \u00e9s j\u00f6v\u00f6k \u00e9rte d\u00e9lut\u00e1n.<\/li>\n<li>Az <b>elszakad\u00e1sra k\u00e9sz\u00fclj\u00f6n fel a sz\u00fcl\u0151<\/b> is! Ha a gyermek\u00e9t nagyon f\u00e9lti, nehezen b\u00edzza m\u00e1sra, akkor el\u0151sz\u00f6r kezdje a nagysz\u00fcl\u0151kkel, majd a bar\u00e1tokkal \u00e9s az id\u0151intervallumot is csak fokozatosan n\u00f6velje.<\/li>\n<li><b>Aludjon a gyermeke idegen helyen<\/b> (nagysz\u00fcl\u0151k), \u00e9s mikor d\u00e9lut\u00e1n fel\u00e9bred, anya ott van \u00e9rte. Ezzel r\u00f6gz\u00edthetj\u00fck benne, a d\u00e9lut\u00e1ni alv\u00e1sb\u00f3l val\u00f3 fel\u00e9bred\u00e9s ut\u00e1n j\u00f6n anya szitu\u00e1ci\u00f3t.<\/li>\n<li><b>J\u00e1tszanak \u00f6n\u00f6k is b\u00f6lcsiset<\/b>! Az \u00e1llatok lesznek az gyerekek \u00e9s a gyermeke lesz a gondoz\u00f3.<\/li>\n<li>Legyen mindig egy <b>kedvenc j\u00e1t\u00e9k<\/b>, pl\u00fcss, amit visz mag\u00e1val a gyermeke a b\u00f6lcsibe.<\/li>\n<li>Kicsi gyerekekn\u00e9l, j\u00f3 \u00f6tlet, ha a gyermek \u00e9rzi valamelyik ruhadarabon, j\u00e1t\u00e9kon anya illat\u00e1t, mert ez meg fogja nyugtatni.<\/li>\n<li>A <b>gyermek\u00e9t biztos\u00edtsa arr\u00f3l, hogy j\u00f6nni fog<\/b>. P\u00e9ld\u00e1ul. \u201eEb\u00e9d, uzsonna ut\u00e1n, itt vagyok \u00e9rted. Ott fogok r\u00e1d v\u00e1rni az ajt\u00f3ban!\u201d Az id\u0151t legjobban az \u00e9tkez\u00e9sekhez tudja k\u00f6tni, ezt minden gyerek \u00e9rteni fogja.<\/li>\n<li>A gondoz\u00f3<b>\u00a0legyen tiszt\u00e1ban a gyermeke megnyugtat\u00e1s\u00e1nak m\u00f3djaival<\/b>, mondja el neki!<\/li>\n<li>A <b>betegs\u00e9gek el\u0151jeleire \u00e9rdemes figyelni<\/b>. Extra figyelemmel, szeretettel sok minden gy\u00f3gy\u00edthat\u00f3!<\/li>\n<li>A <b>beszoktat\u00e1st v\u00e9gezz\u00e9k egy\u00fctt a sz\u00fcl\u0151k<\/b>\u00a0(felv\u00e1ltva, n\u00e9ha egy\u00fctt bek\u00eds\u00e9rve, vagy egy\u00fctt menjenek a gyerek\u00e9rt), ha a gyermeke \u00e9rzi, hogy mindketten ezt szeretn\u00e9k, \u00e9s nyugodtak, b\u00edznak benne, akkor k\u00f6nnyebben fog menni, kevesebb lesz a s\u00edr\u00e1s.<\/li>\n<li>A b\u00f6lcsibe bek\u00eds\u00e9r\u00e9s sor\u00e1n el\u0151fordul\u00f3 <b>s\u00edr\u00e1s egy r\u00e9sze j\u00e1tszma<\/b>. Sok esetben a s\u00edr\u00f3 gyermekt\u0151l elk\u00f6sz\u00f6nve \u0151 nyugodtan j\u00e1tszik vagy rohan a t\u00f6bbiekhez meginni a reggeli kaka\u00f3t!<\/li>\n<\/ul>\n<h4>Az elv\u00e1l\u00e1skor felmer\u00fcl\u0151 s\u00edr\u00e1s, hisztik eset\u00e9n<\/h4>\n<ul>\n<li>Legy\u00fcnk szel\u00eddek, de hat\u00e1rozottak. A gyerekkel tudassuk, hogy sz\u00e1m\u00edthat r\u00e1nk, \u00e9s az \u00edg\u00e9rt id\u0151pontra mikor megy\u00fcnk \u00e9rte legy\u00fcnk is ott. Term\u00e9szetesen a gyerek nem ismeri az \u00f3r\u00e1t, de ha l\u00e1tja, hogy a t\u00f6bbiek\u00e9rt j\u00f6nnek, \u0151\u00e9rte m\u00e9g nem, a sokadik ilyen helyzet m\u00e1r lelkileg is megterhel\u0151.<\/li>\n<li>A gyerekek szeretnek ilyenkor egyfajta elv\u00e1l\u00e1si ritu\u00e1l\u00e9t kialak\u00edtani. A gyereknek azonban tudnia kell, hogy a ritu\u00e1l\u00e9 nem az\u00e9rt van, hogy meghosszabb\u00edtsuk az egy\u00fcttl\u00e9tet, \u00e9s elod\u00e1zzuk az elv\u00e1l\u00e1st.<\/li>\n<li>Saj\u00e1t magunkkal is tiszt\u00e1znunk kell: b\u00f6lcsis lett a gyermek\u00fcnk. Ha minket is megvisel az elv\u00e1l\u00e1s, akkor a gyerek is \u00e9rezni fogja a meging\u00e1sunkat \u00e9s ki is haszn\u00e1lja majd!<\/li>\n<\/ul>\n<h4>A b\u00f6lcs\u0151de egy \u00faj \u00e9lethelyzet a gyereknek, fel kell dolgoznia<\/h4>\n<p>A gyereket sok \u00faj \u00e9lm\u00e9ny \u00e9ri a b\u00f6lcsiben. J\u00f3k is, \u00e9s n\u00e9ha rosszak is. \u00c9rdemes megbesz\u00e9lni, elj\u00e1tszani az \u00e9lm\u00e9nyeket, p\u00e9ld\u00e1ul pl\u00fcss\u00f6kkel.\u00a0De egy j\u00f3 esti mese is j\u00f3t tesz a gyerek lelk\u00e9nek!<br \/>A beszoktat\u00e1s, \u00e9s a szocializ\u00e1ci\u00f3 az els\u0151 komoly l\u00e9p\u00e9se gyermek\u00e9nek a vil\u00e1gba.\u00a0Nem mindegy, hogy milyen m\u00f3don teszi meg ezeket a l\u00e9p\u00e9seket! Ha botladozik, j\u00f3, ha valaki ott van, \u00e9s seg\u00edt neki, de j\u00e1rni senki sem j\u00e1rhat helyette b\u00f6lcsibe! Seg\u00edtsen gyermek\u00e9nek, hogy a beszoktat\u00e1s min\u00e9l sim\u00e1bban menjen!<\/p>\n<p>[\/et_pb_text][\/et_pb_column][\/et_pb_row][\/et_pb_section]<\/p>\n","protected":false},"excerpt":{"rendered":"<p>Beszoktat\u00e1sra val\u00f3 felk\u00e9sz\u00fcl\u00e9s Tal\u00e1ljuk meg a k\u00f6z\u00e9putat, az biztosan nem haszn\u00e1l a gyereknek, ha egyik pillanatr\u00f3l a m\u00e1sikra otthagyom \u00e9s j\u00f6v\u00f6k \u00e9rte d\u00e9lut\u00e1n. Az elszakad\u00e1sra k\u00e9sz\u00fclj\u00f6n fel a sz\u00fcl\u0151 is! Ha a gyermek\u00e9t nagyon f\u00e9lti, nehezen b\u00edzza m\u00e1sra, akkor el\u0151sz\u00f6r kezdje a nagysz\u00fcl\u0151kkel, majd a bar\u00e1tokkal \u00e9s az id\u0151intervallumot is csak fokozatosan n\u00f6velje. Aludjon a [&hellip;]<\/p>\n","protected":false},"author":8,"featured_media":215733,"comment_status":"open","ping_status":"open","sticky":false,"template":"","format":"standard","meta":{"_seopress_robots_primary_cat":"none","_seopress_titles_title":"","_seopress_titles_desc":"","_seopress_robots_index":"","_et_pb_use_builder":"on","_et_pb_old_content":"<p>\u00a0<\/p><p>\u00a0<\/p>","_et_gb_content_width":"","footnotes":""},"categories":[12],"tags":[13,22,23,24,21],"class_list":["post-6085","post","type-post","status-publish","format-standard","has-post-thumbnail","hentry","category-szh","tag-bartok-kucko","tag-beszoktatas","tag-modszerek","tag-siras","tag-szulok-haza"],"_links":{"self":[{"href":"https:\/\/szulokhaza.hu\/kelenvolgy\/wp-json\/wp\/v2\/posts\/6085","targetHints":{"allow":["GET"]}}],"collection":[{"href":"https:\/\/szulokhaza.hu\/kelenvolgy\/wp-json\/wp\/v2\/posts"}],"about":[{"href":"https:\/\/szulokhaza.hu\/kelenvolgy\/wp-json\/wp\/v2\/types\/post"}],"author":[{"embeddable":true,"href":"https:\/\/szulokhaza.hu\/kelenvolgy\/wp-json\/wp\/v2\/users\/8"}],"replies":[{"embeddable":true,"href":"https:\/\/szulokhaza.hu\/kelenvolgy\/wp-json\/wp\/v2\/comments?post=6085"}],"version-history":[{"count":1,"href":"https:\/\/szulokhaza.hu\/kelenvolgy\/wp-json\/wp\/v2\/posts\/6085\/revisions"}],"predecessor-version":[{"id":215734,"href":"https:\/\/szulokhaza.hu\/kelenvolgy\/wp-json\/wp\/v2\/posts\/6085\/revisions\/215734"}],"wp:featuredmedia":[{"embeddable":true,"href":"https:\/\/szulokhaza.hu\/kelenvolgy\/wp-json\/wp\/v2\/media\/215733"}],"wp:attachment":[{"href":"https:\/\/szulokhaza.hu\/kelenvolgy\/wp-json\/wp\/v2\/media?parent=6085"}],"wp:term":[{"taxonomy":"category","embeddable":true,"href":"https:\/\/szulokhaza.hu\/kelenvolgy\/wp-json\/wp\/v2\/categories?post=6085"},{"taxonomy":"post_tag","embeddable":true,"href":"https:\/\/szulokhaza.hu\/kelenvolgy\/wp-json\/wp\/v2\/tags?post=6085"}],"curies":[{"name":"wp","href":"https:\/\/api.w.org\/{rel}","templated":true}]}}